{"id":28,"date":"2011-07-24T17:08:15","date_gmt":"2011-07-24T17:08:15","guid":{"rendered":"http:\/\/goiena.net\/blogak\/lokatza\/porra-tour-etapa-21-21-creteil-paris-champs-elysees-95-km"},"modified":"2011-07-24T17:08:15","modified_gmt":"2011-07-24T17:08:15","slug":"porra-tour-etapa-2121-creteil-paris-champs-elysees-95-km","status":"publish","type":"post","link":"https:\/\/blogak.goiena.eus\/lokatza\/2011\/07\/24\/porra-tour-etapa-2121-creteil-paris-champs-elysees-95-km\/","title":{"rendered":"Porra Tour Etapa 21\/21 Cr\u00e9teil &#8211;  Paris Champs-\u00c9lys\u00e9es 95 km"},"content":{"rendered":"<p><img decoding=\"async\" style=\"width: 500px;height: 306px\" src=\"http:\/\/img807.imageshack.us\/img807\/7186\/cavendish.jpg\"><br \/><!--[if gte mso 9]&gt;--><\/p>\n<p>  Normal<br \/>\n  0<\/p>\n<p>  21<\/p>\n<p>  false<br \/>\n  false<br \/>\n  false<\/p>\n<p>  ES<br \/>\n  X-NONE<br \/>\n  X-NONE<\/p>\n<p>  MicrosoftInternetExplorer4<\/p>\n<p><!--[if gte mso 9]&gt;--><\/p>\n<p><!--[if gte mso 10]&gt;--><\/p>\n<p> \/* Style Definitions *\/<br \/>\n table.MsoNormalTable<br \/>\n\t{mso-style-name:&#8221;Table Normal&#8221;;<br \/>\n\tmso-tstyle-rowband-size:0;<br \/>\n\tmso-tstyle-colband-size:0;<br \/>\n\tmso-style-noshow:yes;<br \/>\n\tmso-style-priority:99;<br \/>\n\tmso-style-qformat:yes;<br \/>\n\tmso-style-parent:&#8221;&#8221;;<br \/>\n\tmso-padding-alt:0cm 5.4pt 0cm 5.4pt;<br \/>\n\tmso-para-margin:0cm;<br \/>\n\tmso-para-margin-bottom:.0001pt;<br \/>\n\tmso-pagination:widow-orphan;<br \/>\n\tfont-size:11.0pt;<br \/>\n\tfont-family:&#8221;Calibri&#8221;,&#8221;sans-serif&#8221;;<br \/>\n\tmso-ascii-font-family:Calibri;<br \/>\n\tmso-ascii-theme-font:minor-latin;<br \/>\n\tmso-fareast-font-family:&#8221;Times New Roman&#8221;;<br \/>\n\tmso-fareast-theme-font:minor-fareast;<br \/>\n\tmso-hansi-font-family:Calibri;<br \/>\n\tmso-hansi-theme-font:minor-latin;<br \/>\n\tmso-bidi-font-family:&#8221;Times New Roman&#8221;;<br \/>\n\tmso-bidi-theme-font:minor-bidi;}<\/p>\n<p><b><u><span lang=\"ES-TRAD\"><br \/><\/span><\/u><\/b><\/p>\n<p><b><u><span lang=\"ES-TRAD\">ETAPA:<\/span><\/u><\/b><\/p>\n<p><b><u><span lang=\"ES-TRAD\"><span style=\"text-decoration:none\"><\/span><\/span><\/u><\/b><span lang=\"EN-US\">1\u00ba.- CAVENDISH<br \/>\nMark <\/span><span lang=\"ES-TRAD\"><a href=\"http:\/\/www.letour.fr\/2011\/TDF\/RIDERS\/es\/coureurs\/171.html\"><span lang=\"EN-US\">171<\/span><\/a><\/span><span lang=\"EN-US\">\u2026\u2026\u2026..\u2026&#8230;31pt<\/span><\/p>\n<p><span lang=\"EN-US\">2\u00ba.- HAGEN<br \/>\nEdvald Boasson <\/span><span lang=\"ES-TRAD\"><a href=\"http:\/\/www.letour.fr\/2011\/TDF\/RIDERS\/es\/coureurs\/114.html\"><span lang=\"EN-US\">114<\/span><\/a><\/span><span lang=\"ES-TRAD\"> <\/span><span lang=\"EN-US\">\u2026\u2026..23pt<\/span><\/p>\n<p><span lang=\"EN-US\">3\u00ba.- GREIPEL<br \/>\nAndr\u00e9 <\/span><span lang=\"ES-TRAD\"><a href=\"http:\/\/www.letour.fr\/2011\/TDF\/RIDERS\/es\/coureurs\/33.html\"><span lang=\"EN-US\">33<\/span><\/a><\/span><span lang=\"EN-US\">\u2026\u2026\u2026\u2026\u2026&#8230;\u202617pt<\/span><\/p>\n<p><span lang=\"EN-US\">4\u00ba.- FARRAR<br \/>\nTyler <\/span><span lang=\"ES-TRAD\"><a href=\"http:\/\/www.letour.fr\/2011\/TDF\/RIDERS\/es\/coureurs\/54.html\"><span lang=\"EN-US\">54<\/span><\/a><\/span><span lang=\"EN-US\">\u2026\u2026\u2026\u2026\u2026&#8230;\u2026..13pt<\/span><\/p>\n<p><span lang=\"EN-US\">5\u00ba.- CANCELLARA<br \/>\nFabian <\/span><span lang=\"ES-TRAD\"><a href=\"http:\/\/www.letour.fr\/2011\/TDF\/RIDERS\/es\/coureurs\/12.html\"><span lang=\"EN-US\">12<\/span><\/a><\/span><span lang=\"EN-US\">\u2026\u2026&#8230;.\u2026.9pt<\/span><\/p>\n<p><span lang=\"EN-GB\">6\u00ba.-<\/span><span lang=\"EN-GB\"> <\/span><span lang=\"EN-US\">OSS Daniel <\/span><span lang=\"ES-TRAD\"><a href=\"http:\/\/www.letour.fr\/2011\/TDF\/RIDERS\/es\/coureurs\/95.html\"><span lang=\"EN-US\">95<\/span><\/a><\/span><span lang=\"EN-US\">\u2026\u2026\u2026\u2026\u2026\u2026.\u2026&#8230;.\u2026..7pt<\/span><span lang=\"EN-GB\"><\/span><\/p>\n<p><span lang=\"EN-GB\">&nbsp;<\/span><\/p>\n<p><b><u><span lang=\"EN-GB\">SAILKAPEN OROKORRA<\/span><\/u><\/b><b><u><span lang=\"EN-US\"><\/span><\/u><\/b><\/p>\n<p><span lang=\"EN-GB\">&nbsp;<\/span><\/p>\n<p><span lang=\"EN-GB\">1\u00ba.-<\/span><span lang=\"EN-GB\"> <\/span><span lang=\"EN-US\">EVANS Cadel <\/span><span lang=\"ES-TRAD\"><a href=\"http:\/\/www.letour.fr\/2011\/TDF\/RIDERS\/es\/coureurs\/141.html\"><span lang=\"EN-US\">141<\/span><\/a><\/span><span lang=\"EN-US\">\u2026\u2026\u2026\u2026.\u2026.\u2026..100pt<\/span><span lang=\"EN-GB\"><\/span><\/p>\n<p><span lang=\"EN-GB\">2\u00ba.-<\/span><span lang=\"EN-GB\"> <\/span><span lang=\"EN-US\">SCHLECK Andy <\/span><span lang=\"ES-TRAD\"><a href=\"http:\/\/www.letour.fr\/2011\/TDF\/RIDERS\/es\/coureurs\/11.html\"><span lang=\"EN-US\">11<\/span><\/a><\/span><span lang=\"EN-US\">\u2026\u2026\u2026\u2026\u2026..\u2026..75pt<\/span><span lang=\"EN-GB\"><\/span><\/p>\n<p><span lang=\"EN-GB\">3\u00ba.-<\/span><span lang=\"EN-GB\"> <\/span><span lang=\"EN-US\">SCHLECK Frank <\/span><span lang=\"ES-TRAD\"><a href=\"http:\/\/www.letour.fr\/2011\/TDF\/RIDERS\/es\/coureurs\/18.html\"><span lang=\"EN-US\">18<\/span><\/a><\/span><span lang=\"EN-US\">\u2026\u2026\u2026\u2026..\u2026&#8230;65pt<\/span><span lang=\"EN-GB\"><\/span><\/p>\n<p><span lang=\"EN-GB\">4\u00ba.-<\/span><span lang=\"EN-GB\"> <\/span><span lang=\"EN-US\">VOECKLER Thomas 181\u2026\u2026..\u2026..60pt<\/span><span lang=\"EN-GB\"><\/span><\/p>\n<p><span lang=\"EN-US\">5\u00ba.- <\/span><span>CONTADOR Alberto <\/span><span lang=\"ES-TRAD\"><a href=\"http:\/\/www.letour.fr\/2011\/TDF\/RIDERS\/es\/coureurs\/1.html\"><span lang=\"ES\">1<\/span><\/a><\/span><span>\u2026\u2026\u2026&#8230;\u2026..55pt<\/span><\/p>\n<p><span>6\u00ba.- SANCHEZ Samuel <\/span><span lang=\"ES-TRAD\"><a href=\"http:\/\/www.letour.fr\/2011\/TDF\/RIDERS\/es\/coureurs\/21.html\"><span lang=\"ES\">21<\/span><\/a><\/span><span>\u2026\u2026\u2026\u2026&#8230;.\u202650pt<\/span><\/p>\n<p><span>7\u00ba.-<\/span> <span>CUNEGO Damiano <\/span><span lang=\"ES-TRAD\"><a href=\"http:\/\/www.letour.fr\/2011\/TDF\/RIDERS\/es\/coureurs\/161.html\"><span lang=\"ES\">161<\/span><\/a><\/span><span>\u2026\u2026\u2026&#8230;\u2026.45pt<\/span><\/p>\n<p><span>8\u00ba.- <\/span><span lang=\"EN-US\">BASSO Ivan <\/span><span lang=\"ES-TRAD\"><a href=\"http:\/\/www.letour.fr\/2011\/TDF\/RIDERS\/es\/coureurs\/91.html\"><span lang=\"EN-US\">91<\/span><\/a><\/span><span lang=\"EN-US\">\u2026\u2026\u2026\u2026\u2026.\u2026..\u2026&#8230;40pt<\/span><\/p>\n<p><span lang=\"EN-GB\">9\u00ba.-<\/span><span lang=\"EN-GB\"> <\/span><span lang=\"EN-US\">DANIELSON Tom <\/span><span lang=\"ES-TRAD\"><a href=\"http:\/\/www.letour.fr\/2011\/TDF\/RIDERS\/es\/coureurs\/52.html\"><span lang=\"EN-US\">52<\/span><\/a><\/span><span lang=\"EN-US\">\u2026\u2026\u2026\u2026&#8230;\u2026.35pt<\/span><span lang=\"EN-GB\"><\/span><\/p>\n<p><span lang=\"EN-GB\">10\u00ba.-<\/span><span lang=\"EN-GB\"> <\/span><span lang=\"EN-US\">PERAUD Jean-Christophe <\/span><span lang=\"ES-TRAD\"><a href=\"http:\/\/www.letour.fr\/2011\/TDF\/RIDERS\/es\/coureurs\/108.html\"><span lang=\"EN-US\">108<\/span><\/a><\/span><span lang=\"EN-US\">&#8230;&#8230;30pt<\/span><span lang=\"EN-GB\"><\/span><\/p>\n<p><span lang=\"EN-US\">11\u00ba.- ROLLAND<br \/>\nPierre <\/span><span lang=\"ES-TRAD\"><a href=\"http:\/\/www.letour.fr\/2011\/TDF\/RIDERS\/es\/coureurs\/188.html\"><span lang=\"EN-US\">188<\/span><\/a><\/span><span lang=\"EN-US\">\u2026\u2026\u2026\u2026&#8230;\u202625pt<\/span><\/p>\n<p><span lang=\"EN-US\">12\u00ba.- TAARAMAE<br \/>\nRein <\/span><span lang=\"ES-TRAD\"><a href=\"http:\/\/www.letour.fr\/2011\/TDF\/RIDERS\/es\/coureurs\/151.html\"><span lang=\"EN-US\">151<\/span><\/a><\/span><span lang=\"EN-US\">\u2026\u2026.\u2026&#8230;.\u202620pt<\/span><\/p>\n<p><span lang=\"EN-GB\">13\u00ba.-<\/span><span lang=\"EN-GB\"> <\/span><span lang=\"EN-US\">DE WEERT Kevin <\/span><span lang=\"ES-TRAD\"><a href=\"http:\/\/www.letour.fr\/2011\/TDF\/RIDERS\/es\/coureurs\/124.html\"><span lang=\"EN-US\">124<\/span><\/a><\/span><span lang=\"EN-US\">\u2026\u2026\u2026..\u202615pt<\/span><span lang=\"EN-GB\"><\/span><\/p>\n<p><span>14\u00ba.- COPPEL J\u00e9r\u00f4me <\/span><span lang=\"ES-TRAD\"><a href=\"http:\/\/www.letour.fr\/2011\/TDF\/RIDERS\/es\/coureurs\/211.html\"><span lang=\"ES\">211<\/span><\/a><\/span><span>\u2026\u2026\u2026\u2026&#8230;.\u202610pt<\/span><\/p>\n<p><span>15\u00ba.- <\/span><span lang=\"EN-US\">JEANNESSON Arnold 134\u2026\u2026&#8230;\u20265pt<\/span><span lang=\"EN-GB\"><\/span><\/p>\n<p><span lang=\"EN-GB\">&nbsp;<\/span><\/p>\n<p><b><u><span lang=\"EN-GB\">MENDIKO SAILKAPENA<\/span><\/u><\/b><\/p>\n<p><b><u><span lang=\"EN-GB\"><span style=\"text-decoration:none\"><\/span><\/span><\/u><\/b><span lang=\"EN-GB\">1\u00ba.-<\/span><span lang=\"EN-GB\"> <\/span><span lang=\"EN-US\">SANCHEZ Samuel <\/span><span lang=\"ES-TRAD\"><a href=\"http:\/\/www.letour.fr\/2011\/TDF\/RIDERS\/es\/coureurs\/21.html\"><span lang=\"EN-US\">21<\/span><\/a><\/span><span lang=\"EN-US\">\u2026\u2026\u2026\u2026\u202650pt<\/span><span lang=\"EN-GB\"><\/span><\/p>\n<p><span lang=\"EN-GB\">2\u00ba.-<\/span><span lang=\"EN-GB\"> <\/span><span lang=\"EN-US\">SCHLECK Andy <\/span><span lang=\"ES-TRAD\"><a href=\"http:\/\/www.letour.fr\/2011\/TDF\/RIDERS\/es\/coureurs\/11.html\"><span lang=\"EN-US\">11<\/span><\/a><\/span><span lang=\"EN-US\">\u2026\u2026\u2026\u2026\u2026\u202630pt<\/span><span lang=\"EN-GB\"><\/span><\/p>\n<p><span lang=\"EN-GB\">3\u00ba.-<\/span><span lang=\"EN-GB\"> <\/span><span lang=\"ES-TRAD\">VANENDERT Jelle <a href=\"http:\/\/www.letour.fr\/2011\/TDF\/RIDERS\/es\/coureurs\/38.html\">38<\/a>\u2026\u2026\u2026\u2026\u202615pt<\/span><span lang=\"EN-GB\"><\/span><\/p>\n<p><span lang=\"EN-GB\">&nbsp;<\/span><\/p>\n<p><b><u><span lang=\"EN-GB\">PORRISTAK:<\/span><\/u><\/b><\/p>\n<p><span lang=\"EN-GB\">&nbsp;<\/span><\/p>\n<p><b><span lang=\"EN-US\">1\u00ba.-<\/span><span style=\"font-size: 9pt;color: black\" lang=\"EN-US\"> 615 UNAI KAREAGA\u2026\u2026\u2026\u2026\u2026\u2026\u2026..1.509Pt<\/span><\/b><\/p>\n<p><img decoding=\"async\" style=\"width: 500px;height: 85px\" src=\"http:\/\/img15.imageshack.us\/img15\/4218\/unaikareagafinish.jpg\"><br \/><span style=\"font-size:9.0pt;color:black\" lang=\"EN-US\"><\/span><span lang=\"EN-US\"><\/span><\/p>\n<p><b><span lang=\"EN-US\">2\u00ba.-<\/span><span style=\"font-size: 9pt;color: black\" lang=\"EN-US\"> 180 JEKER\u2026\u2026\u2026\u2026\u2026\u2026\u2026\u2026\u2026\u2026\u2026\u2026.1.493Pt<\/span><\/b><\/p>\n<p><img decoding=\"async\" style=\"width: 504px;height: 79px\" src=\"http:\/\/img845.imageshack.us\/img845\/8884\/jekerfinish.jpg\"><br \/><span style=\"font-size:9.0pt;color:black\" lang=\"EN-US\"><\/span><span lang=\"EN-US\"><\/span><\/p>\n<p><b><span lang=\"EN-US\">3\u00ba.-<\/span><span style=\"font-size:9.0pt;color:black\" lang=\"EN-US\"> <\/span><span style=\"font-size: 9pt;color: black\">110 ENEKO LIZARRALDE\u2026\u2026\u2026\u2026\u2026.1.483Pt<\/span><\/b><\/p>\n<p><img decoding=\"async\" style=\"width: 501px;height: 82px\" src=\"http:\/\/img810.imageshack.us\/img810\/5846\/enekolizarraldefinish.jpg\"><br \/><span style=\"font-size:9.0pt;color:black\"><\/span><span style=\"font-size:9.0pt;color:black\" lang=\"EN-US\"><\/span><\/p>\n<p><span style=\"font-size:9.0pt;color:black\" lang=\"EN-US\">&nbsp;<\/span><\/p>\n<p><b><u><span style=\"color:black\">\u201cZABALA<br \/>\nJATETXEA\u201d SARIA ( 82\u00ba POSTUAN)<\/span><\/u><\/b><\/p>\n<p><b><u><span style=\"color:black\"><span style=\"text-decoration:none\"><\/span><\/span><\/u><\/b><b><span style=\"color:black\">82\u00ba.-<\/span><span style=\"font-size:9.0pt;color:black\"> 968 JESUS MARI LARRA\u00d1AGA<\/span><\/b><span style=\"color:black\"><\/span><\/p>\n<p><span style=\"color:black\">&nbsp;<\/span><\/p>\n<p><b><u><span style=\"color:black\">LEHEN<br \/>\nEUSKALDUNA SARIA<\/span><\/u><\/b><\/p>\n<p><b><u><span style=\"color:black\"><span style=\"text-decoration:none\"><\/span><\/span><\/u><\/b><b><span style=\"font-size: 9pt;color: black\">807 MIREIA LARRA\u00d1AGA<\/span><\/b><\/p>\n<p><img decoding=\"async\" style=\"width: 504px;height: 76px\" src=\"http:\/\/img219.imageshack.us\/img219\/2044\/mireialarraagafinish.jpg\"><\/p>\n<p><\/p>\n<p><a href=\"http:\/\/www.box.net\/shared\/8rmt7luu4r\">PUNTUAZIO OROKORRA<\/a><\/p>\n<p><a href=\"http:\/\/www.box.net\/shared\/gryys1m22y\">PORRISTAK ETA DORTSALAK<\/a><\/p>\n<p><a href=\"http:\/\/www.box.net\/shared\/x9r89kxrip\">ESTATISTIKAK<\/a><\/p>\n<p><a href=\"http:\/\/www.box.net\/shared\/x9r89kxrip\"><br \/><\/a><\/p>\n<p><!--[if gte mso 9]&gt;--><\/p>\n<p>  Normal<br \/>\n  0<\/p>\n<p>  21<\/p>\n<p>  false<br \/>\n  false<br \/>\n  false<\/p>\n<p>  ES<br \/>\n  X-NONE<br \/>\n  X-NONE<\/p>\n<p>  MicrosoftInternetExplorer4<\/p>\n<p><!--[if gte mso 9]&gt;--><\/p>\n<p><!--[if gte mso 10]&gt;--><\/p>\n<p> \/* Style Definitions *\/<br \/>\n table.MsoNormalTable<br \/>\n\t{mso-style-name:&#8221;Table Normal&#8221;;<br \/>\n\tmso-tstyle-rowband-size:0;<br \/>\n\tmso-tstyle-colband-size:0;<br \/>\n\tmso-style-noshow:yes;<br \/>\n\tmso-style-priority:99;<br \/>\n\tmso-style-qformat:yes;<br \/>\n\tmso-style-parent:&#8221;&#8221;;<br \/>\n\tmso-padding-alt:0cm 5.4pt 0cm 5.4pt;<br \/>\n\tmso-para-margin-top:0cm;<br \/>\n\tmso-para-margin-right:0cm;<br \/>\n\tmso-para-margin-bottom:10.0pt;<br \/>\n\tmso-para-margin-left:0cm;<br \/>\n\tline-height:115%;<br \/>\n\tmso-pagination:widow-orphan;<br \/>\n\tfont-size:11.0pt;<br \/>\n\tfont-family:&#8221;Calibri&#8221;,&#8221;sans-serif&#8221;;<br \/>\n\tmso-ascii-font-family:Calibri;<br \/>\n\tmso-ascii-theme-font:minor-latin;<br \/>\n\tmso-fareast-font-family:&#8221;Times New Roman&#8221;;<br \/>\n\tmso-fareast-theme-font:minor-fareast;<br \/>\n\tmso-hansi-font-family:Calibri;<br \/>\n\tmso-hansi-theme-font:minor-latin;<br \/>\n\tmso-bidi-font-family:&#8221;Times New Roman&#8221;;<br \/>\n\tmso-bidi-theme-font:minor-bidi;}<\/p>\n<p><b>SARI BANAKETA<\/b> : <\/p>\n<p>Azken urteetako ohiturari jarraituz, Lokatza Ziklismo Eskolak antolatutako<br \/>\naurtengo&nbsp; Tour Porrako sari banaketa;&nbsp; datorren asteartean uztailak<br \/>\n26, arratsaldeko zortziretan izango da,&nbsp; horretarako <a href=\"http:\/\/img146.imageshack.us\/img146\/2866\/saribanaketa.jpg\">Ariznoa<br \/>\ninguruan<\/a> jarriko dugun postuan<\/p>\n<p><b>SARIAK: <\/b><\/p>\n<p>Porrako arauek dioenez; Lehenengo, bigarren eta hirugarren sailkatuak,<br \/>\napostuen %50, %25 eta %15eko diru kopurua jasoko dute; beraz <b>4.470 \u20ac<\/b><br \/>\nirabazleak, <b>2.235 \u20ac<\/b> bigarren sailkatuak, eta <b>1.341 \u20ac<\/b><br \/>\nhirugarrenak<\/p>\n<p><b>BESTE SARI BATZUK<\/b><\/p>\n<p><b>82<\/b>garren sailkatua:<b> ZABALA Jatetxeak<\/b><i>,<br \/>\nbere sorreraren 82urteurrena dela ta Sari bat emango dio Porran 82garren<br \/>\ngelditu denari&nbsp; :&nbsp;&nbsp; <\/i><b><i>Jesus Mari Larra\u00f1aga<\/i><\/b><\/p>\n<p><b>LEHEN EUSKALDUNARI<\/b><\/p>\n<p>Tourreko Sailkapenean lehen Txirrindulari Euskalduna <b>Haimar Zubeldia<\/b> izan<br \/>\nda. Hau jarrita&nbsp; daukaten apostularien artean zozketa egin ondoren <b>Mireia<br \/>\nLarra\u00f1aga<\/b> irabazle<\/p>\n<p><b>ZOZKETA BEREZIA<\/b><\/p>\n<p>Saririk jaso ez dutenen artean zozketa bat egingo da bertan<br \/>\ngaudenonartean;&nbsp; horretarako&nbsp; bakoitzak bere apostu papera sartuko du<br \/>\nkutxatxoan eta horretariko batek eramango du saria<\/p>\n<p><\/p>\n","protected":false},"excerpt":{"rendered":"<p>Normal 0 21 false false false ES X-NONE X-NONE MicrosoftInternetExplorer4 \/* Style Definitions *\/ table.MsoNormalTable {mso-style-name:&#8221;Table Normal&#8221;; mso-tstyle-rowband-size:0; mso-tstyle-colband-size:0; mso-style-noshow:yes; mso-style-priority:99; mso-style-qformat:yes; mso-style-parent:&#8221;&#8221;; mso-padding-alt:0cm 5.4pt 0cm 5.4pt; mso-para-margin:0cm; mso-para-margin-bottom:.0001pt; mso-pagination:widow-orphan; font-size:11.0pt; font-family:&#8221;Calibri&#8221;,&#8221;sans-serif&#8221;; mso-ascii-font-family:Calibri; mso-ascii-theme-font:minor-latin; mso-fareast-font-family:&#8221;Times New Roman&#8221;; mso-fareast-theme-font:minor-fareast; mso-hansi-font-family:Calibri; mso-hansi-theme-font:minor-latin; mso-bidi-font-family:&#8221;Times New Roman&#8221;; mso-bidi-theme-font:minor-bidi;} ETAPA: 1\u00ba.- CAVENDISH Mark 171\u2026\u2026\u2026..\u2026&#8230;31pt 2\u00ba.- HAGEN Edvald Boasson 114 \u2026\u2026..23pt [&hellip;]<\/p>\n","protected":false},"author":34,"featured_media":0,"comment_status":"open","ping_status":"open","sticky":false,"template":"","format":"standard","meta":{"ngg_post_thumbnail":0,"footnotes":""},"categories":[1],"tags":[28,6,4],"class_list":["post-28","post","type-post","status-publish","format-standard","hentry","category-sailkatugabeak","tag-28","tag-etapa","tag-porra"],"_links":{"self":[{"href":"https:\/\/blogak.goiena.eus\/lokatza\/wp-json\/wp\/v2\/posts\/28","targetHints":{"allow":["GET"]}}],"collection":[{"href":"https:\/\/blogak.goiena.eus\/lokatza\/wp-json\/wp\/v2\/posts"}],"about":[{"href":"https:\/\/blogak.goiena.eus\/lokatza\/wp-json\/wp\/v2\/types\/post"}],"author":[{"embeddable":true,"href":"https:\/\/blogak.goiena.eus\/lokatza\/wp-json\/wp\/v2\/users\/34"}],"replies":[{"embeddable":true,"href":"https:\/\/blogak.goiena.eus\/lokatza\/wp-json\/wp\/v2\/comments?post=28"}],"version-history":[{"count":0,"href":"https:\/\/blogak.goiena.eus\/lokatza\/wp-json\/wp\/v2\/posts\/28\/revisions"}],"wp:attachment":[{"href":"https:\/\/blogak.goiena.eus\/lokatza\/wp-json\/wp\/v2\/media?parent=28"}],"wp:term":[{"taxonomy":"category","embeddable":true,"href":"https:\/\/blogak.goiena.eus\/lokatza\/wp-json\/wp\/v2\/categories?post=28"},{"taxonomy":"post_tag","embeddable":true,"href":"https:\/\/blogak.goiena.eus\/lokatza\/wp-json\/wp\/v2\/tags?post=28"}],"curies":[{"name":"wp","href":"https:\/\/api.w.org\/{rel}","templated":true}]}}