{"id":129,"date":"2008-07-27T16:41:59","date_gmt":"2008-07-27T16:41:59","guid":{"rendered":"http:\/\/goiena.net\/blogak\/lokatza\/porra-tour-etapa-21-21etampes-paris-champs-elysees"},"modified":"2008-07-27T16:41:59","modified_gmt":"2008-07-27T16:41:59","slug":"porra-tour-etapa-2121etampes-paris-champs-elysees","status":"publish","type":"post","link":"https:\/\/blogak.goiena.eus\/lokatza\/2008\/07\/27\/porra-tour-etapa-2121etampes-paris-champs-elysees\/","title":{"rendered":"Porra tour, etapa 21\/21(\u00c9tampes-  Paris Champs-\u00c9lys\u00e9es)"},"content":{"rendered":"<p><img decoding=\"async\" style=\"width: 409px;height: 581px\" src=\"http:\/\/farm4.static.flickr.com\/3293\/2706082485_f790b84a05.jpg\"><\/p>\n<p><u><b>ETAPA<\/b><\/u><br \/><!--[if gte mso 9]&gt;--><\/p>\n<p>  Normal<br \/>\n  0<br \/>\n  21<\/p>\n<p>  false<br \/>\n  false<br \/>\n  false<\/p>\n<p>  MicrosoftInternetExplorer4<\/p>\n<p><!--[if gte mso 9]&gt;--><\/p>\n<p><!--\n \/* Style Definitions *\/\n p.MsoNormal, li.MsoNormal, div.MsoNormal\n\t{mso-style-parent:\"\";\n\tmargin:0cm;\n\tmargin-bottom:.0001pt;\n\tmso-pagination:widow-orphan;\n\tfont-size:12.0pt;\n\tfont-family:\"Times New Roman\";\n\tmso-fareast-font-family:\"Times New Roman\";\n\tmso-ansi-language:ES-TRAD;\n\tmso-fareast-language:ES-TRAD;}\na:link, span.MsoHyperlink\n\t{color:blue;\n\ttext-decoration:underline;\n\ttext-underline:single;}\na:visited, span.MsoHyperlinkFollowed\n\t{color:purple;\n\ttext-decoration:underline;\n\ttext-underline:single;}\n@page Section1\n\t{size:595.3pt 841.9pt;\n\tmargin:70.85pt 3.0cm 70.85pt 3.0cm;\n\tmso-header-margin:35.4pt;\n\tmso-footer-margin:35.4pt;\n\tmso-paper-source:0;}\ndiv.Section1\n\t{page:Section1;}\n--><br \/>\n<!--[if gte mso 10]&gt;--><\/p>\n<p> \/* Style Definitions *\/<br \/>\n table.MsoNormalTable<br \/>\n\t{mso-style-name:&#8221;Tabla normal&#8221;;<br \/>\n\tmso-tstyle-rowband-size:0;<br \/>\n\tmso-tstyle-colband-size:0;<br \/>\n\tmso-style-noshow:yes;<br \/>\n\tmso-style-parent:&#8221;&#8221;;<br \/>\n\tmso-padding-alt:0cm 5.4pt 0cm 5.4pt;<br \/>\n\tmso-para-margin:0cm;<br \/>\n\tmso-para-margin-bottom:.0001pt;<br \/>\n\tmso-pagination:widow-orphan;<br \/>\n\tfont-size:10.0pt;<br \/>\n\tfont-family:&#8221;Times New Roman&#8221;;<br \/>\n\tmso-ansi-language:#0400;<br \/>\n\tmso-fareast-language:#0400;<br \/>\n\tmso-bidi-language:#0400;}<\/p>\n<p><span lang=\"ES-TRAD\">1. STEEGMANS Gert <a href=\"http:\/\/www.letour.fr\/2008\/TDF\/RIDERS\/es\/coureurs\/97.html\">97<\/a> <span>&nbsp;<\/span><span>&nbsp;&nbsp;&nbsp;<\/span>3h<br \/>\n51&#8242; 38&#8243; &nbsp; <\/span><\/p>\n<p><span lang=\"ES-TRAD\">2. CIOLEK Gerald <a href=\"http:\/\/www.letour.fr\/2008\/TDF\/RIDERS\/es\/coureurs\/44.html\">44<\/a> <span>&nbsp;&nbsp;&nbsp;&nbsp;&nbsp;&nbsp;&nbsp;&nbsp;&nbsp;&nbsp;&nbsp;<\/span><span>&nbsp;<\/span>+ 00&#8242; 00&#8243; <\/span><\/p>\n<p><span lang=\"ES-TRAD\">3. FREIRE Oscar <a href=\"http:\/\/www.letour.fr\/2008\/TDF\/RIDERS\/es\/coureurs\/133.html\">133<\/a> <span>&nbsp;<\/span><span>&nbsp;&nbsp;&nbsp;&nbsp;&nbsp;&nbsp;&nbsp;&nbsp;&nbsp;&nbsp;&nbsp;<\/span>+ 00&#8242; 00&#8243;<\/span><\/p>\n<p><span lang=\"ES-TRAD\">4. MC EWEN Robbie <a href=\"http:\/\/www.letour.fr\/2008\/TDF\/RIDERS\/es\/coureurs\/6.html\">6<\/a> <span>&nbsp;<\/span><span>&nbsp;&nbsp;&nbsp;&nbsp;&nbsp;&nbsp;&nbsp;&nbsp;<\/span>+<br \/>\n00&#8242; 00&#8243; <\/span><\/p>\n<p><span lang=\"ES-TRAD\">5. HUSHOVD Thor <a href=\"http:\/\/www.letour.fr\/2008\/TDF\/RIDERS\/es\/coureurs\/81.html\">81<\/a> <span>&nbsp;<\/span><span>&nbsp;&nbsp;&nbsp;&nbsp;&nbsp;&nbsp;&nbsp;&nbsp;&nbsp;<\/span>+ 00&#8242; 00&#8243; <\/span><\/p>\n<p><span lang=\"ES-TRAD\">6. DEAN Julian <a href=\"http:\/\/www.letour.fr\/2008\/TDF\/RIDERS\/es\/coureurs\/193.html\">193<\/a> <span>&nbsp;<\/span><span>&nbsp;&nbsp;&nbsp;&nbsp;&nbsp;&nbsp;&nbsp;&nbsp;&nbsp;&nbsp;&nbsp;&nbsp;&nbsp;&nbsp;<\/span>+ 00&#8242; 00&#8243;<\/span><\/p>\n<p><span lang=\"ES-TRAD\"><\/span><\/p>\n<p><span lang=\"ES-TRAD\"><u><b>PORRA TOUR LOKATZA 2008 IRABAZLEAK<\/b><\/u><\/span><\/p>\n<p><span lang=\"ES-TRAD\"><u><b><br \/><\/b><\/u><\/span><\/p>\n<p>1\u00ba.- 281 \/ <a href=\"http:\/\/img166.imageshack.us\/img166\/5117\/jesusgardokixz6.gif\">JESUS GARDOKI<\/a> &nbsp;&nbsp;&nbsp;&nbsp;&nbsp;&nbsp;&nbsp;&nbsp;&nbsp; 1.244 PTS<br \/>2\u00ba.- 308 \/ <a href=\"http:\/\/img292.imageshack.us\/img292\/6237\/joseramonpeaif3.gif\">J.R.PE\u00d1A<\/a>&nbsp;&nbsp;&nbsp;&nbsp;&nbsp;&nbsp;&nbsp;&nbsp;&nbsp;&nbsp;&nbsp;&nbsp;&nbsp;&nbsp;&nbsp;&nbsp;&nbsp;&nbsp;&nbsp;&nbsp;&nbsp;&nbsp;&nbsp;&nbsp; 1.207 PTS<br \/>3\u00ba.- 321 \/ <a href=\"http:\/\/img176.imageshack.us\/img176\/4839\/txurro002na3.gif\">TXURRO<\/a>&nbsp;&nbsp;&nbsp;&nbsp;&nbsp;&nbsp;&nbsp;&nbsp;&nbsp;&nbsp;&nbsp;&nbsp;&nbsp;&nbsp;&nbsp;&nbsp;&nbsp;&nbsp;&nbsp;&nbsp;&nbsp;&nbsp;&nbsp;&nbsp;&nbsp; 1.207 PTS<\/p>\n<p><a href=\"http:\/\/www.nahikari.com\/lokatza\/\"><u><b>Sailkapenak<\/b><\/u><\/a><\/p>\n<p><a href=\"http:\/\/www.box.net\/shared\/almffjyscw\">Sari banaketa<\/a><\/p>\n","protected":false},"excerpt":{"rendered":"<p>ETAPA Normal 0 21 false false false MicrosoftInternetExplorer4 \/* Style Definitions *\/ table.MsoNormalTable {mso-style-name:&#8221;Tabla normal&#8221;; mso-tstyle-rowband-size:0; mso-tstyle-colband-size:0; mso-style-noshow:yes; mso-style-parent:&#8221;&#8221;; mso-padding-alt:0cm 5.4pt 0cm 5.4pt; mso-para-margin:0cm; mso-para-margin-bottom:.0001pt; mso-pagination:widow-orphan; font-size:10.0pt; font-family:&#8221;Times New Roman&#8221;; mso-ansi-language:#0400; mso-fareast-language:#0400; mso-bidi-language:#0400;} 1. STEEGMANS Gert 97 &nbsp;&nbsp;&nbsp;&nbsp;3h 51&#8242; 38&#8243; &nbsp; 2. CIOLEK Gerald 44 &nbsp;&nbsp;&nbsp;&nbsp;&nbsp;&nbsp;&nbsp;&nbsp;&nbsp;&nbsp;&nbsp;&nbsp;+ 00&#8242; 00&#8243; 3. FREIRE Oscar 133 &nbsp;&nbsp;&nbsp;&nbsp;&nbsp;&nbsp;&nbsp;&nbsp;&nbsp;&nbsp;&nbsp;&nbsp;+ 00&#8242; 00&#8243; [&hellip;]<\/p>\n","protected":false},"author":34,"featured_media":0,"comment_status":"open","ping_status":"open","sticky":false,"template":"","format":"standard","meta":{"ngg_post_thumbnail":0,"footnotes":""},"categories":[1],"tags":[28,6,4],"class_list":["post-129","post","type-post","status-publish","format-standard","hentry","category-sailkatugabeak","tag-28","tag-etapa","tag-porra"],"_links":{"self":[{"href":"https:\/\/blogak.goiena.eus\/lokatza\/wp-json\/wp\/v2\/posts\/129","targetHints":{"allow":["GET"]}}],"collection":[{"href":"https:\/\/blogak.goiena.eus\/lokatza\/wp-json\/wp\/v2\/posts"}],"about":[{"href":"https:\/\/blogak.goiena.eus\/lokatza\/wp-json\/wp\/v2\/types\/post"}],"author":[{"embeddable":true,"href":"https:\/\/blogak.goiena.eus\/lokatza\/wp-json\/wp\/v2\/users\/34"}],"replies":[{"embeddable":true,"href":"https:\/\/blogak.goiena.eus\/lokatza\/wp-json\/wp\/v2\/comments?post=129"}],"version-history":[{"count":0,"href":"https:\/\/blogak.goiena.eus\/lokatza\/wp-json\/wp\/v2\/posts\/129\/revisions"}],"wp:attachment":[{"href":"https:\/\/blogak.goiena.eus\/lokatza\/wp-json\/wp\/v2\/media?parent=129"}],"wp:term":[{"taxonomy":"category","embeddable":true,"href":"https:\/\/blogak.goiena.eus\/lokatza\/wp-json\/wp\/v2\/categories?post=129"},{"taxonomy":"post_tag","embeddable":true,"href":"https:\/\/blogak.goiena.eus\/lokatza\/wp-json\/wp\/v2\/tags?post=129"}],"curies":[{"name":"wp","href":"https:\/\/api.w.org\/{rel}","templated":true}]}}