{"id":749,"date":"2010-02-24T15:37:00","date_gmt":"2010-02-24T15:37:00","guid":{"rendered":"http:\/\/agrupacionimurgia.wordpress.com\/2010\/02\/24\/entseguen-hasiera-%c2%a1comienzo-de-los-ensayos"},"modified":"2010-02-24T15:37:00","modified_gmt":"2010-02-24T15:37:00","slug":"entseguen-hasiera-comienzo-de-los-ensayos","status":"publish","type":"post","link":"https:\/\/blogak.goiena.eus\/imurgiaelkartea\/2010\/02\/24\/entseguen-hasiera-comienzo-de-los-ensayos\/","title":{"rendered":"Entseguen hasiera! \u00a1Comienzo de los ensayos!"},"content":{"rendered":"<div style=\"text-align: justify\">Arratsalde on guztioi.<\/div>\n<div style=\"text-align: justify\">Zuetako batzuek jakingo duzuen arren, pasa den astelehenean entseguen lehenengo eguna izan genuen, zarzuelaren beraren aurkezpena, obraren zenbait datu, eta hurrengo 9 hilabetetarako plangintza azaltzeko erabili genuena.<\/div>\n<div style=\"text-align: justify\">Aurten &#8220;La Gran V\u00eda&#8221; obra taularatuko dugu, azken urteotan bezala, azaro amaieran.<\/div>\n<div style=\"text-align: justify\">Jakin ezazue oraindik ez dela berandu elkartean parte hartzeko! Entseguak astelehenetan izaten dira, gaueko 9etan, Arrasate Musikalen!<\/div>\n<div style=\"text-align: justify\">Ondo izan,<\/div>\n<div style=\"text-align: justify\">naroa<\/div>\n<div style=\"text-align: justify\">_____<\/div>\n<div style=\"text-align: justify\">\u00a1Buenas tardes!<\/div>\n<div style=\"text-align: justify\">Como algunos ya sabr\u00e9is, el pasado lunes empezamos con los ensayos de la pr\u00f3xima zarzuela, que se limit\u00f3 a realizar una peque\u00f1a presentaci\u00f3n de la misma, y la planificaci\u00f3n de los siguientes 9 meses. Este a\u00f1o representaremos la obra &#8220;La Gran V\u00eda&#8221;, a finales de noviembre.<\/div>\n<div style=\"text-align: justify\">\u00a1Sabed que no es demasiado tarde para uniros a la agrupaci\u00f3n! Nos juntamos los lunes a las 9 de la tarde en Arrasate Musikal, en Arrasate.<\/div>\n<div style=\"text-align: justify\">Un abrazo<\/div>\n<div class=\"blogger-post-footer\"><img alt=\"\" width=\"1\" height=\"1\" \/><\/div>\n","protected":false},"excerpt":{"rendered":"<p>Arratsalde on guztioi. Zuetako batzuek jakingo duzuen arren, pasa den astelehenean entseguen lehenengo eguna izan genuen, zarzuelaren beraren aurkezpena, obraren zenbait datu, eta hurrengo 9 hilabetetarako plangintza azaltzeko erabili genuena. Aurten &#8220;La Gran V\u00eda&#8221; obra taularatuko dugu, azken urteotan bezala, azaro amaieran. Jakin ezazue oraindik ez dela berandu elkartean parte hartzeko! Entseguak astelehenetan izaten dira, &hellip; <\/p>\n<p><a class=\"more-link btn\" href=\"https:\/\/blogak.goiena.eus\/imurgiaelkartea\/2010\/02\/24\/entseguen-hasiera-comienzo-de-los-ensayos\/\">Continue reading<\/a><\/p>\n","protected":false},"author":108,"featured_media":0,"comment_status":"open","ping_status":"open","sticky":false,"template":"","format":"standard","meta":{"ngg_post_thumbnail":0,"footnotes":""},"categories":[8],"tags":[24,60,31,41],"class_list":["post-749","post","type-post","status-publish","format-standard","hentry","category-elkartea","tag-arrasate-musikal","tag-elkartea","tag-entseguak","tag-la-gran-via","item-wrap"],"_links":{"self":[{"href":"https:\/\/blogak.goiena.eus\/imurgiaelkartea\/wp-json\/wp\/v2\/posts\/749","targetHints":{"allow":["GET"]}}],"collection":[{"href":"https:\/\/blogak.goiena.eus\/imurgiaelkartea\/wp-json\/wp\/v2\/posts"}],"about":[{"href":"https:\/\/blogak.goiena.eus\/imurgiaelkartea\/wp-json\/wp\/v2\/types\/post"}],"author":[{"embeddable":true,"href":"https:\/\/blogak.goiena.eus\/imurgiaelkartea\/wp-json\/wp\/v2\/users\/108"}],"replies":[{"embeddable":true,"href":"https:\/\/blogak.goiena.eus\/imurgiaelkartea\/wp-json\/wp\/v2\/comments?post=749"}],"version-history":[{"count":0,"href":"https:\/\/blogak.goiena.eus\/imurgiaelkartea\/wp-json\/wp\/v2\/posts\/749\/revisions"}],"wp:attachment":[{"href":"https:\/\/blogak.goiena.eus\/imurgiaelkartea\/wp-json\/wp\/v2\/media?parent=749"}],"wp:term":[{"taxonomy":"category","embeddable":true,"href":"https:\/\/blogak.goiena.eus\/imurgiaelkartea\/wp-json\/wp\/v2\/categories?post=749"},{"taxonomy":"post_tag","embeddable":true,"href":"https:\/\/blogak.goiena.eus\/imurgiaelkartea\/wp-json\/wp\/v2\/tags?post=749"}],"curies":[{"name":"wp","href":"https:\/\/api.w.org\/{rel}","templated":true}]}}