{"id":742,"date":"2010-10-28T13:07:00","date_gmt":"2010-10-28T13:07:00","guid":{"rendered":"http:\/\/agrupacionimurgia.wordpress.com\/2010\/10\/28\/sarrerak-entradas"},"modified":"2010-10-28T13:07:00","modified_gmt":"2010-10-28T13:07:00","slug":"sarrerak-entradas","status":"publish","type":"post","link":"https:\/\/blogak.goiena.eus\/imurgiaelkartea\/2010\/10\/28\/sarrerak-entradas\/","title":{"rendered":"Sarrerak \/ Entradas"},"content":{"rendered":"<p>Kaixo guztioi!<br \/>\nSarrerak hurrengo astean, azaroko lehen egunetan, jarriko dira salgai!<br \/>\nNoiz jarriko diren aurrerago zehaztuko dizuegunez, adi egon zaitezte!<\/p>\n<p><em>\u00a1Kaixo a todos y todas!<\/em><br \/>\n<em>\u00a1Las entradas se pondr\u00e1n a la venta la semana que viene, los primeros d\u00edas de noviembre!<\/em><br \/>\n<em>Ya que os daremos m\u00e1s detalles en breve, \u00a1estad atentos\/as!<\/em><\/p>\n<p>Laster arte<\/p>\n<p><a href=\"http:\/\/goiena.net\/arrasate\/albisteak\/zartzuelarako-sarrerak-salgai\">goiena.net-en albistea<\/a><\/p>\n<div class=\"blogger-post-footer\"><img loading=\"lazy\" decoding=\"async\" src=\"https:\/\/blogger.googleusercontent.com\/tracker\/4030356578634533594-5084462668648082290?l=agrupacionimurgia.blogspot.com\" alt=\"\" width=\"1\" height=\"1\" \/><\/div>\n","protected":false},"excerpt":{"rendered":"<p>Kaixo guztioi! Sarrerak hurrengo astean, azaroko lehen egunetan, jarriko dira salgai! Noiz jarriko diren aurrerago zehaztuko dizuegunez, adi egon zaitezte! \u00a1Kaixo a todos y todas! \u00a1Las entradas se pondr\u00e1n a la venta la semana que viene, los primeros d\u00edas de noviembre! Ya que os daremos m\u00e1s detalles en breve, \u00a1estad atentos\/as! Laster arte goiena.net-en albistea<\/p>\n","protected":false},"author":108,"featured_media":0,"comment_status":"open","ping_status":"open","sticky":false,"template":"","format":"standard","meta":{"ngg_post_thumbnail":0,"footnotes":""},"categories":[13,18],"tags":[25,65,68,69],"class_list":["post-742","post","type-post","status-publish","format-standard","hentry","category-internet","category-sarrerak","tag-berriak","tag-internet","tag-obra","tag-sarrerak","item-wrap"],"_links":{"self":[{"href":"https:\/\/blogak.goiena.eus\/imurgiaelkartea\/wp-json\/wp\/v2\/posts\/742","targetHints":{"allow":["GET"]}}],"collection":[{"href":"https:\/\/blogak.goiena.eus\/imurgiaelkartea\/wp-json\/wp\/v2\/posts"}],"about":[{"href":"https:\/\/blogak.goiena.eus\/imurgiaelkartea\/wp-json\/wp\/v2\/types\/post"}],"author":[{"embeddable":true,"href":"https:\/\/blogak.goiena.eus\/imurgiaelkartea\/wp-json\/wp\/v2\/users\/108"}],"replies":[{"embeddable":true,"href":"https:\/\/blogak.goiena.eus\/imurgiaelkartea\/wp-json\/wp\/v2\/comments?post=742"}],"version-history":[{"count":0,"href":"https:\/\/blogak.goiena.eus\/imurgiaelkartea\/wp-json\/wp\/v2\/posts\/742\/revisions"}],"wp:attachment":[{"href":"https:\/\/blogak.goiena.eus\/imurgiaelkartea\/wp-json\/wp\/v2\/media?parent=742"}],"wp:term":[{"taxonomy":"category","embeddable":true,"href":"https:\/\/blogak.goiena.eus\/imurgiaelkartea\/wp-json\/wp\/v2\/categories?post=742"},{"taxonomy":"post_tag","embeddable":true,"href":"https:\/\/blogak.goiena.eus\/imurgiaelkartea\/wp-json\/wp\/v2\/tags?post=742"}],"curies":[{"name":"wp","href":"https:\/\/api.w.org\/{rel}","templated":true}]}}