{"id":570,"date":"2013-10-07T17:39:40","date_gmt":"2013-10-07T15:39:40","guid":{"rendered":"http:\/\/imurgiaelkartea.org\/?p=570"},"modified":"2013-10-07T17:39:40","modified_gmt":"2013-10-07T15:39:40","slug":"baditugu-datak-conocemos-las-fechas","status":"publish","type":"post","link":"https:\/\/blogak.goiena.eus\/imurgiaelkartea\/2013\/10\/07\/baditugu-datak-conocemos-las-fechas\/","title":{"rendered":"Baditugu datak! \u00a1Conocemos las fechas!"},"content":{"rendered":"<p>Arrasatearrek jasoko zenituzten kultura gidak buzoietan, eta ziur mezu hau irakurri aurretik ere bazenekitela zein datetan taularatuko dugun La Tabernera del Puerto entzutetsua Amaia Antzokian. Beno, ba hementxe dituzue errepikatuta, ordutegi eta guzti!<\/p>\n<ul>\n<li>Azaroak 23, 24 eta 30: 19:30ean \/\/ <em>23, 24 y 30 de noviembre: 19:30<\/em><\/li>\n<li>Azaroak 29: 20:00etan \/\/ <em>29 de noviembre: 20:00<\/em><\/li>\n<\/ul>\n<p>Ohitura denez, Arrasate Musikaleko bazkideek beherapena izango dute&#8230; Baina hori aurrerago esango dizuegu! Entseguz lepo gabiltza, eta ezin guztia aurreratu&#8230; Bitartean, aurtengo protagonistak direnak <a href=\"http:\/\/imurgiaelkartea.org\/obrak-urtez-urte\/2013-la-tabernera-del-puerto\/\">hementxe<\/a> topa ditzakezue, eta 2000. urteko kartela jarraian.<\/p>\n<p>Ondo izan!<\/p>\n<p>&nbsp;<\/p>\n<p><img decoding=\"async\" class=\"aligncenter\" alt=\"http:\/\/blogak.goiena.eus\/imurgiaelkartea\/wp-content\/uploads\/sites\/97\/2011\/10\/lataber.gif\" src=\"http:\/\/blogak.goiena.eus\/imurgiaelkartea\/wp-content\/uploads\/sites\/97\/2011\/10\/lataber.gif\" \/><\/p>\n<p>&nbsp;<\/p>\n<p><em>Seguro que muchos\/as arrasatearras ya conocer\u00e9is las fechas en las que representaremos la famosa zarzuela La Tabernera del Puerto en el Teatro Amaia. Por si acaso os las hemos a\u00f1adido a continuaci\u00f3n.<\/em><\/p>\n<ul>\n<li><em>23, 24 y 30 de noviembre: 19:30<\/em><\/li>\n<li><em>29 de noviembre: 20:00<\/em><\/li>\n<\/ul>\n<p><em>Como cada a\u00f1o, las personas socia<\/em><em>s de Arrasate Musikal tendr\u00e1n descuento&#8230; \u00a1Pero de eso ya os informaremos m\u00e1s adelante! No paramos de ensayar, as\u00ed que os informaremos cuando tengamos otro ratito libre. Mientras tanto, podr\u00e9is conocer a los\/las protagonistas <a href=\"http:\/\/imurgiaelkartea.org\/obrak-urtez-urte\/2013-la-tabernera-del-puerto\/\">aqu\u00ed<\/a>, y el cartel de hace 13 a\u00f1os en esta misma p\u00e1gina.<\/em><\/p>\n<p>&nbsp;<\/p>\n","protected":false},"excerpt":{"rendered":"<p>Arrasatearrek jasoko zenituzten kultura gidak buzoietan, eta ziur mezu hau irakurri aurretik ere bazenekitela zein datetan taularatuko dugun La Tabernera del Puerto entzutetsua Amaia Antzokian. Beno, ba hementxe dituzue errepikatuta, ordutegi eta guzti! Azaroak 23, 24 eta 30: 19:30ean \/\/ 23, 24 y 30 de noviembre: 19:30 Azaroak 29: 20:00etan \/\/ 29 de noviembre: 20:00 &hellip; <\/p>\n<p><a class=\"more-link btn\" href=\"https:\/\/blogak.goiena.eus\/imurgiaelkartea\/2013\/10\/07\/baditugu-datak-conocemos-las-fechas\/\">Continue reading<\/a><\/p>\n","protected":false},"author":108,"featured_media":0,"comment_status":"open","ping_status":"open","sticky":false,"template":"","format":"standard","meta":{"ngg_post_thumbnail":0,"footnotes":""},"categories":[9,11],"tags":[25,61,63,43,47],"class_list":["post-570","post","type-post","status-publish","format-standard","hentry","category-emanaldiak","category-funciones","tag-berriak","tag-emanaldiak","tag-funciones","tag-la-tabernera-del-puerto","tag-noticias","item-wrap"],"_links":{"self":[{"href":"https:\/\/blogak.goiena.eus\/imurgiaelkartea\/wp-json\/wp\/v2\/posts\/570","targetHints":{"allow":["GET"]}}],"collection":[{"href":"https:\/\/blogak.goiena.eus\/imurgiaelkartea\/wp-json\/wp\/v2\/posts"}],"about":[{"href":"https:\/\/blogak.goiena.eus\/imurgiaelkartea\/wp-json\/wp\/v2\/types\/post"}],"author":[{"embeddable":true,"href":"https:\/\/blogak.goiena.eus\/imurgiaelkartea\/wp-json\/wp\/v2\/users\/108"}],"replies":[{"embeddable":true,"href":"https:\/\/blogak.goiena.eus\/imurgiaelkartea\/wp-json\/wp\/v2\/comments?post=570"}],"version-history":[{"count":0,"href":"https:\/\/blogak.goiena.eus\/imurgiaelkartea\/wp-json\/wp\/v2\/posts\/570\/revisions"}],"wp:attachment":[{"href":"https:\/\/blogak.goiena.eus\/imurgiaelkartea\/wp-json\/wp\/v2\/media?parent=570"}],"wp:term":[{"taxonomy":"category","embeddable":true,"href":"https:\/\/blogak.goiena.eus\/imurgiaelkartea\/wp-json\/wp\/v2\/categories?post=570"},{"taxonomy":"post_tag","embeddable":true,"href":"https:\/\/blogak.goiena.eus\/imurgiaelkartea\/wp-json\/wp\/v2\/tags?post=570"}],"curies":[{"name":"wp","href":"https:\/\/api.w.org\/{rel}","templated":true}]}}