{"id":49,"date":"2009-10-19T07:15:00","date_gmt":"2009-10-19T07:15:00","guid":{"rendered":"http:\/\/agrupacionimurgia.wordpress.com\/2009\/10\/19\/emanaldiak-representaciones-2"},"modified":"2009-10-19T07:15:00","modified_gmt":"2009-10-19T07:15:00","slug":"emanaldiak-representaciones-2","status":"publish","type":"post","link":"https:\/\/blogak.goiena.eus\/imurgiaelkartea\/2009\/10\/19\/emanaldiak-representaciones-2\/","title":{"rendered":"Emanaldiak \/ Representaciones"},"content":{"rendered":"<p>Egun on guztioi!<br \/>Arrasateko Amaia Antzokiko neguko egitarauan azaldu den bezala, aurtengo &#8220;La corte del fara\u00f3n&#8221; zarzuelako emanaldien datak (eta ordutegiak) definituta daude. Jarraian bildu dizkizuet datok.<br \/>Bestalde, salmentak Amaia Antzokiko leihatiletan eta kutxanet-en eta kutxako kutxazainetan salduko dira aurten. Oraindik ezin dira erosi, baina twitter-en, facebook-en eta blog honetan bertan jasoko duzue salmenta daten berri.<\/p>\n<p><em>Tal y como aparece en el programa de invierno del Teatro Amaia de Arrasate, las representaciones de la zarzuela &#8220;La corte del fara\u00f3n&#8221; est\u00e1n ya definidas, en cuanto a su fecha y horario.\u00a0<\/em><br \/><em>Por otra parte, las entradas se vender\u00e1n en la taquilla del teatro y en kutxanet y en los cajeros de Kutxa. Todav\u00eda no est\u00e1n disponibles, pero tendr\u00e9is noticias nuestras en cuanto sepamos la fecha. Podr\u00e9is encontrar informaci\u00f3n en este blog, en facebook (Izaskun Murgia Elkarte Lirikoa) y en twitter (zarzuelarrasate).<\/em><\/p>\n<p><strong>Emanaldiak \/ <em>Representaciones:<\/em><\/strong><br \/><em>&#8211; <\/em>Azaroak 21 <em>de noviembre<\/em>: 19:30 (larunbata\/<em>s\u00e1bado<\/em>)<br \/>&#8211; Azaroak 22 <em>de noviembre: <\/em>19:30 (igandea\/<em>domingo<\/em>)<br \/>&#8211; Azaroak 27 <em>de noviembre: <\/em>20:00 (ostirala\/<em>viernes<\/em>)<br \/>&#8211; Azaroak 28 <em>de noviembre: <\/em>19:30 (larunbata\/<em>s\u00e1bado<\/em>)<\/p>\n<div class=\"blogger-post-footer\"><img width='1' height='1' src='' alt='' \/><\/div>\n","protected":false},"excerpt":{"rendered":"<p>Egun on guztioi!Arrasateko Amaia Antzokiko neguko egitarauan azaldu den bezala, aurtengo &#8220;La corte del fara\u00f3n&#8221; zarzuelako emanaldien datak (eta ordutegiak) definituta daude. Jarraian bildu dizkizuet datok.Bestalde, salmentak Amaia Antzokiko leihatiletan eta kutxanet-en eta kutxako kutxazainetan salduko dira aurten. Oraindik ezin dira erosi, baina twitter-en, facebook-en eta blog honetan bertan jasoko duzue salmenta daten berri. Tal &hellip; <\/p>\n<p><a class=\"more-link btn\" href=\"https:\/\/blogak.goiena.eus\/imurgiaelkartea\/2009\/10\/19\/emanaldiak-representaciones-2\/\">Continue reading<\/a><\/p>\n","protected":false},"author":108,"featured_media":0,"comment_status":"open","ping_status":"open","sticky":false,"template":"","format":"standard","meta":{"ngg_post_thumbnail":0,"footnotes":""},"categories":[9],"tags":[61],"class_list":["post-49","post","type-post","status-publish","format-standard","hentry","category-emanaldiak","tag-emanaldiak","item-wrap"],"_links":{"self":[{"href":"https:\/\/blogak.goiena.eus\/imurgiaelkartea\/wp-json\/wp\/v2\/posts\/49","targetHints":{"allow":["GET"]}}],"collection":[{"href":"https:\/\/blogak.goiena.eus\/imurgiaelkartea\/wp-json\/wp\/v2\/posts"}],"about":[{"href":"https:\/\/blogak.goiena.eus\/imurgiaelkartea\/wp-json\/wp\/v2\/types\/post"}],"author":[{"embeddable":true,"href":"https:\/\/blogak.goiena.eus\/imurgiaelkartea\/wp-json\/wp\/v2\/users\/108"}],"replies":[{"embeddable":true,"href":"https:\/\/blogak.goiena.eus\/imurgiaelkartea\/wp-json\/wp\/v2\/comments?post=49"}],"version-history":[{"count":0,"href":"https:\/\/blogak.goiena.eus\/imurgiaelkartea\/wp-json\/wp\/v2\/posts\/49\/revisions"}],"wp:attachment":[{"href":"https:\/\/blogak.goiena.eus\/imurgiaelkartea\/wp-json\/wp\/v2\/media?parent=49"}],"wp:term":[{"taxonomy":"category","embeddable":true,"href":"https:\/\/blogak.goiena.eus\/imurgiaelkartea\/wp-json\/wp\/v2\/categories?post=49"},{"taxonomy":"post_tag","embeddable":true,"href":"https:\/\/blogak.goiena.eus\/imurgiaelkartea\/wp-json\/wp\/v2\/tags?post=49"}],"curies":[{"name":"wp","href":"https:\/\/api.w.org\/{rel}","templated":true}]}}