{"id":47,"date":"2009-10-20T19:56:00","date_gmt":"2009-10-20T19:56:00","guid":{"rendered":"http:\/\/agrupacionimurgia.wordpress.com\/2009\/10\/20\/obrari-buruz-sobre-la-obra"},"modified":"2009-10-20T19:56:00","modified_gmt":"2009-10-20T19:56:00","slug":"obrari-buruz-sobre-la-obra","status":"publish","type":"post","link":"https:\/\/blogak.goiena.eus\/imurgiaelkartea\/2009\/10\/20\/obrari-buruz-sobre-la-obra\/","title":{"rendered":"Obrari buruz \/ sobre la obra"},"content":{"rendered":"<p><strong>Arrasateko Udalak<\/strong> orain dela egun batzuk argitaratu zuen Amaia antzokiak hurrengo hiru hilabetetan eskainiko dituen emankizunen berri. Horien artean, jakina, Izaskun Murgia Elkarte Lirikoak azaroan eskainiko duen obraren ingurukoak azaltzen dira. Honako mezuan obraren inguruko zenbait datu eskainiko dizkizuegu, egitarauan topatuko dituzuenak.<br \/>\n<em>El Ayuntamiento de Mondrag\u00f3n public\u00f3 hace unos cuantos d\u00edas el programa del Teatro Amaia, en el que aparecen los eventos que se ofrecer\u00e1n los pr\u00f3ximos tres meses. La Asociaci\u00f3n L\u00edrica Izaskun Murgia tambi\u00e9n aparece en dicho programa, y se ofrecen algunos datos de la obra, los que os ofreceremos a continuaci\u00f3n.<\/em><br \/>\n<em><a name=\"more\"><\/a> <\/em><\/p>\n<div style=\"text-align: center\"><strong>LA CORTE DE FARA\u00d3N<\/strong><\/div>\n<div style=\"text-align: left\">Izaskun Murgia Elkarte Lirikoak <em>La corte de fara\u00f3n <\/em>zarzuela eskainiko du; opereta, zarzuela, aldizkari, eta cupl\u00e9 elementuak nahasten dira zarzuelan. Genero &#8220;sikaliptikoa&#8221; izenekoan dago sartuta, eta hori famatua da hizketetan intsinuazio eta konnotazio sexualak, zentzu lizuneko<strong> <\/strong>kantuak eta vaudevillesque itxurako katramilak azaltzen direlako, XX. mendearen lehen herenean modan egon zena.<\/div>\n<div style=\"text-align: left\">Umorezkoa da, eta Egipton girotuta dago. Era berean, musika erreferentziek batzuetan Verdi-ren &#8220;Aida&#8221; obraren parodia bilakatzen dute.<\/div>\n<div style=\"text-align: left\"><\/div>\n<div style=\"text-align: left\"><em>La <\/em><em>Asociaci\u00f3n L\u00edrica Izaskun Murgia presenta <\/em>La corte del fara\u00f3n<em>, zarzuela donde se mezclan elementos de opereta, zarzuela, revista e incluso cupl\u00e9. Est\u00e1 encuadrada dentro del g\u00e9nero denominado &#8220;sical\u00edptico&#8221;, el cual es famoso por sus di\u00e1logos llenos de insinuaciones y connotaciones sexuales, canciones de aroma picante y enredos de corte vodevilesco, que estuvo de moda durante el primer tercio del siglo XX.\u00a0<\/em><\/div>\n<div style=\"text-align: left\"><em>Esta obra es de car\u00e1cter humor\u00edstico, est\u00e1 ambientada en Egipto y sus referencias musicales la convierten en algunos momentos en una parodia de &#8220;Aida&#8221; de Verdi.<\/em><\/div>\n<p><em>\u00a0<\/em><\/p>\n<div class=\"blogger-post-footer\"><img alt=\"\" width=\"1\" height=\"1\" \/><\/div>\n","protected":false},"excerpt":{"rendered":"<p>Arrasateko Udalak orain dela egun batzuk argitaratu zuen Amaia antzokiak hurrengo hiru hilabetetan eskainiko dituen emankizunen berri. Horien artean, jakina, Izaskun Murgia Elkarte Lirikoak azaroan eskainiko duen obraren ingurukoak azaltzen dira. Honako mezuan obraren inguruko zenbait datu eskainiko dizkizuegu, egitarauan topatuko dituzuenak. El Ayuntamiento de Mondrag\u00f3n public\u00f3 hace unos cuantos d\u00edas el programa del Teatro &hellip; <\/p>\n<p><a class=\"more-link btn\" href=\"https:\/\/blogak.goiena.eus\/imurgiaelkartea\/2009\/10\/20\/obrari-buruz-sobre-la-obra\/\">Continue reading<\/a><\/p>\n","protected":false},"author":108,"featured_media":0,"comment_status":"open","ping_status":"open","sticky":false,"template":"","format":"standard","meta":{"ngg_post_thumbnail":0,"footnotes":""},"categories":[16],"tags":[38,68],"class_list":["post-47","post","type-post","status-publish","format-standard","hentry","category-obra","tag-la-corte-de-faraon","tag-obra","item-wrap"],"_links":{"self":[{"href":"https:\/\/blogak.goiena.eus\/imurgiaelkartea\/wp-json\/wp\/v2\/posts\/47","targetHints":{"allow":["GET"]}}],"collection":[{"href":"https:\/\/blogak.goiena.eus\/imurgiaelkartea\/wp-json\/wp\/v2\/posts"}],"about":[{"href":"https:\/\/blogak.goiena.eus\/imurgiaelkartea\/wp-json\/wp\/v2\/types\/post"}],"author":[{"embeddable":true,"href":"https:\/\/blogak.goiena.eus\/imurgiaelkartea\/wp-json\/wp\/v2\/users\/108"}],"replies":[{"embeddable":true,"href":"https:\/\/blogak.goiena.eus\/imurgiaelkartea\/wp-json\/wp\/v2\/comments?post=47"}],"version-history":[{"count":0,"href":"https:\/\/blogak.goiena.eus\/imurgiaelkartea\/wp-json\/wp\/v2\/posts\/47\/revisions"}],"wp:attachment":[{"href":"https:\/\/blogak.goiena.eus\/imurgiaelkartea\/wp-json\/wp\/v2\/media?parent=47"}],"wp:term":[{"taxonomy":"category","embeddable":true,"href":"https:\/\/blogak.goiena.eus\/imurgiaelkartea\/wp-json\/wp\/v2\/categories?post=47"},{"taxonomy":"post_tag","embeddable":true,"href":"https:\/\/blogak.goiena.eus\/imurgiaelkartea\/wp-json\/wp\/v2\/tags?post=47"}],"curies":[{"name":"wp","href":"https:\/\/api.w.org\/{rel}","templated":true}]}}