{"id":44,"date":"2009-10-22T07:51:00","date_gmt":"2009-10-22T07:51:00","guid":{"rendered":"http:\/\/agrupacionimurgia.wordpress.com\/2009\/10\/22\/arrasate-musikaleko-bazkideei-a-los-sociosas-de-arrasate-musikal"},"modified":"2009-10-22T07:51:00","modified_gmt":"2009-10-22T07:51:00","slug":"arrasate-musikaleko-bazkideei-a-los-sociosas-de-arrasate-musikal","status":"publish","type":"post","link":"https:\/\/blogak.goiena.eus\/imurgiaelkartea\/2009\/10\/22\/arrasate-musikaleko-bazkideei-a-los-sociosas-de-arrasate-musikal\/","title":{"rendered":"Arrasate Musikaleko bazkideei \/ A los socios\/as de Arrasate Musikal"},"content":{"rendered":"<p>Egun on guztioi.<br \/>Eskutitza jasoko zenuten arren, hurrengo astelehenean, hilak 26, <i>La Corte del Fara\u00f3n<\/i> zarzuelarako sarreren salmenta jarriko da <b>Arrasate Musikalen<\/b>. (Oker ez banago) Sarrerak <b>hiru egunetan<\/b> zehar eros daitezke: <b>26an<\/b> (astelehena), <b>27an<\/b> (asteartea) eta <b>28an<\/b> (asteazkena).<br \/><b>Ordutegia<\/b> honakoa da: <b>16:30 &#8211; 19:30<\/b><br \/>Azken urteetan bezala, 3. saiorako sarrerak salduko ditugu Arrasate Musikaleko bazkideentzat: <b>azaroaren 27<\/b>ko emanaldirako.<br \/>Bazkideentzat <b>prezioa 14 eurokoa<\/b> izango da (besteentzat 17\u20ac).<br \/>Eskutitzan dioen bezala, <b>bazkide bakoitzak 4 sarrera <\/b>eros ahal izango ditu. <\/p>\n<p><i>Buenos d\u00edas.<\/i><br \/><i>Suponemos que ya hab\u00e9is recibido la carta de Arrasate Musikal, pero, a\u00fan y todo, quiero record\u00e1roslo. El pr\u00f3ximo lunes, <b>26 de octubre,<\/b> se pondr\u00e1n en venta las entradas para la zarzuela <\/i>La Corte del Fara\u00f3n<i> en <b>Arrasate Musikal<\/b>.<\/i><br \/><i>Los socios podr\u00e1n adquirir las entradas durante los siguientes tres d\u00edas: el <b>26<\/b> (lunes), <b>27<\/b> (martes) y <b>28<\/b> (mi\u00e9rcoles).<\/i><br \/><i>El <b>horario <\/b>es el siguiente: <b>16:30 &#8211; 19:30<\/b>.<\/i><br \/><i>Como todos los a\u00f1os, las entradas para socios\/socias ser\u00e1n para la tercera funci\u00f3n, para el <b>27 de noviembre<\/b>.<br \/><\/i><br \/><i>Las entradas para socios\/socias costar\u00e1n <b>14 euros <\/b>(frente a los 17\u20ac para los no socios).<\/i><br \/><i>Tal y como se se\u00f1ala en la carta, <b>cada socio\/socia <\/b>podr\u00e1 comprar <b>4 entradas.<\/b> <\/i><\/p>\n<div class=\"blogger-post-footer\"><img width='1' height='1' src='' alt='' \/><\/div>\n","protected":false},"excerpt":{"rendered":"<p>Egun on guztioi.Eskutitza jasoko zenuten arren, hurrengo astelehenean, hilak 26, La Corte del Fara\u00f3n zarzuelarako sarreren salmenta jarriko da Arrasate Musikalen. (Oker ez banago) Sarrerak hiru egunetan zehar eros daitezke: 26an (astelehena), 27an (asteartea) eta 28an (asteazkena).Ordutegia honakoa da: 16:30 &#8211; 19:30Azken urteetan bezala, 3. saiorako sarrerak salduko ditugu Arrasate Musikaleko bazkideentzat: azaroaren 27ko emanaldirako.Bazkideentzat &hellip; <\/p>\n<p><a class=\"more-link btn\" href=\"https:\/\/blogak.goiena.eus\/imurgiaelkartea\/2009\/10\/22\/arrasate-musikaleko-bazkideei-a-los-sociosas-de-arrasate-musikal\/\">Continue reading<\/a><\/p>\n","protected":false},"author":108,"featured_media":0,"comment_status":"open","ping_status":"open","sticky":false,"template":"","format":"standard","meta":{"ngg_post_thumbnail":0,"footnotes":""},"categories":[9,18],"tags":[24,61,69],"class_list":["post-44","post","type-post","status-publish","format-standard","hentry","category-emanaldiak","category-sarrerak","tag-arrasate-musikal","tag-emanaldiak","tag-sarrerak","item-wrap"],"_links":{"self":[{"href":"https:\/\/blogak.goiena.eus\/imurgiaelkartea\/wp-json\/wp\/v2\/posts\/44","targetHints":{"allow":["GET"]}}],"collection":[{"href":"https:\/\/blogak.goiena.eus\/imurgiaelkartea\/wp-json\/wp\/v2\/posts"}],"about":[{"href":"https:\/\/blogak.goiena.eus\/imurgiaelkartea\/wp-json\/wp\/v2\/types\/post"}],"author":[{"embeddable":true,"href":"https:\/\/blogak.goiena.eus\/imurgiaelkartea\/wp-json\/wp\/v2\/users\/108"}],"replies":[{"embeddable":true,"href":"https:\/\/blogak.goiena.eus\/imurgiaelkartea\/wp-json\/wp\/v2\/comments?post=44"}],"version-history":[{"count":0,"href":"https:\/\/blogak.goiena.eus\/imurgiaelkartea\/wp-json\/wp\/v2\/posts\/44\/revisions"}],"wp:attachment":[{"href":"https:\/\/blogak.goiena.eus\/imurgiaelkartea\/wp-json\/wp\/v2\/media?parent=44"}],"wp:term":[{"taxonomy":"category","embeddable":true,"href":"https:\/\/blogak.goiena.eus\/imurgiaelkartea\/wp-json\/wp\/v2\/categories?post=44"},{"taxonomy":"post_tag","embeddable":true,"href":"https:\/\/blogak.goiena.eus\/imurgiaelkartea\/wp-json\/wp\/v2\/tags?post=44"}],"curies":[{"name":"wp","href":"https:\/\/api.w.org\/{rel}","templated":true}]}}