{"id":431,"date":"2012-10-11T10:11:55","date_gmt":"2012-10-11T08:11:55","guid":{"rendered":"http:\/\/imurgiaelkartea.org\/?p=431"},"modified":"2012-10-11T10:11:55","modified_gmt":"2012-10-11T08:11:55","slug":"sarrerak-eta-emanaldiak-entradas-y-funciones","status":"publish","type":"post","link":"https:\/\/blogak.goiena.eus\/imurgiaelkartea\/2012\/10\/11\/sarrerak-eta-emanaldiak-entradas-y-funciones\/","title":{"rendered":"Sarrerak eta emanaldiak \/ Entradas y funciones"},"content":{"rendered":"<p>Kaixo guztioi, egun on.<\/p>\n<p>Gaurkoan aurtengo emanaldi eta sarreren inguruko informazioa emateko mezua idatziko dizuegu.<\/p>\n<p><strong>Emanaldiei<\/strong> dagokienez, honakoak izango dira:<\/p>\n<ul>\n<li><strong>Azaroaren 17<\/strong> (larunbata), <strong>18<\/strong> (igandea) eta <strong>24<\/strong>an (larunbata): <strong>19:30<\/strong>ean<\/li>\n<li><strong>Azaroaren 23<\/strong>an (ostirala): <strong>20:00<\/strong>etan<\/li>\n<\/ul>\n<p><strong>Sarrerak<\/strong> azaro hasieran jarriko ditugu salmentan, baina oraindik ezin dugu data zehatza eman. Iaz bezala, azaroaren 3aren inguruan izango dela uste dugu, baina <a href=\"http:\/\/twitter.com\/imurgiaelkartea\" target=\"_blank\">twitter<\/a> zein <a href=\"http:\/\/imurgiaelkartea.org\" target=\"_blank\">webgunetik<\/a> abisatuko dizuegu. <strong>Arrasate Musikaleko bazkide direnentzat,<\/strong> berriz, <strong>urriaren 29, 30 eta 31<\/strong>n jarriko dira salgai, arratsaldeko <strong>16:30-19:30<\/strong> bitartean Arrasate Musikalen bertan.<\/p>\n<p>Bestalde, hurrengo astean elkarteko kide den <a href=\"http:\/\/ilunkaran.com\" target=\"_blank\">Naroa Elortza<\/a> <a href=\"http:\/\/www.goiena.com\/irratia\" target=\"_blank\">Arrasate Irratia<\/a>n izango da, aurtengo obraren berri emateko.<\/p>\n<p>Ondo segi, eta laster arte!<\/p>\n<p>_______________________________<\/p>\n<p><em>Hola a todos\/as.<\/em><\/p>\n<p>Hoy os escribimos para informaros sobre las funciones de este a\u00f1o y sobre las entradas.<\/p>\n<p>Las <strong>funciones<\/strong> ser\u00e1n los siguientes d\u00edas:<\/p>\n<ul>\n<li><strong><\/strong><em><strong>17<\/strong> (s\u00e1bado), <strong>18<\/strong> (domingo) y <strong>24<\/strong> (s\u00e1bado) de <strong>Noviembre<\/strong>: <strong>19:30<\/strong><\/em><\/li>\n<li><em><strong>23<\/strong> (viernes)<\/em> <em>de <strong>Noviembre<\/strong>: <strong>20:00<\/strong><\/em><\/li>\n<\/ul>\n<p><em>Las <strong>entradas<\/strong><\/em><strong><\/strong> se pondr\u00e1n a la venta a principios de Noviembre, pero todav\u00eda no podemos confirmaros cu\u00e1ndo ser\u00e1, aunque ser\u00e1 cerca del 3 de Noviembre, como el a\u00f1o pasado. De todos modos, os informaremos por twitter y por la web. Para las <strong>personas socias de Arrasate Musikal<\/strong>, sin embargo, se pondr\u00e1n a la venta el <strong>29, 30 y 31 de Octubre<\/strong>, de <strong>16:30 a 19:30<\/strong>, en Arrasate Musikal.<\/p>\n<p>Por otro lado, la semana que viene <a href=\"http:\/\/ilunkaran.com\" target=\"_blank\">Naroa Elortza<\/a> (miembro de Izaskun Murgia Elkartea) estar\u00e1 en <a href=\"http:\/\/www.goiena.com\/irratia\" target=\"_blank\">Arrasate Irratia <\/a>para hablar sobre la obra.<\/p>\n<p>Ongi izan!<\/p>\n","protected":false},"excerpt":{"rendered":"<p>Kaixo guztioi, egun on. Gaurkoan aurtengo emanaldi eta sarreren inguruko informazioa emateko mezua idatziko dizuegu. Emanaldiei dagokienez, honakoak izango dira: Azaroaren 17 (larunbata), 18 (igandea) eta 24an (larunbata): 19:30ean Azaroaren 23an (ostirala): 20:00etan Sarrerak azaro hasieran jarriko ditugu salmentan, baina oraindik ezin dugu data zehatza eman. Iaz bezala, azaroaren 3aren inguruan izango dela uste dugu, &hellip; <\/p>\n<p><a class=\"more-link btn\" href=\"https:\/\/blogak.goiena.eus\/imurgiaelkartea\/2012\/10\/11\/sarrerak-eta-emanaldiak-entradas-y-funciones\/\">Continue reading<\/a><\/p>\n","protected":false},"author":108,"featured_media":0,"comment_status":"open","ping_status":"open","sticky":false,"template":"","format":"standard","meta":{"ngg_post_thumbnail":0,"footnotes":""},"categories":[9,10,11,18],"tags":[24,25,61,62,63,33,47,69],"class_list":["post-431","post","type-post","status-publish","format-standard","hentry","category-emanaldiak","category-entradas","category-funciones","category-sarrerak","tag-arrasate-musikal","tag-berriak","tag-emanaldiak","tag-entradas","tag-funciones","tag-gigantes-y-cabezudos","tag-noticias","tag-sarrerak","item-wrap"],"_links":{"self":[{"href":"https:\/\/blogak.goiena.eus\/imurgiaelkartea\/wp-json\/wp\/v2\/posts\/431","targetHints":{"allow":["GET"]}}],"collection":[{"href":"https:\/\/blogak.goiena.eus\/imurgiaelkartea\/wp-json\/wp\/v2\/posts"}],"about":[{"href":"https:\/\/blogak.goiena.eus\/imurgiaelkartea\/wp-json\/wp\/v2\/types\/post"}],"author":[{"embeddable":true,"href":"https:\/\/blogak.goiena.eus\/imurgiaelkartea\/wp-json\/wp\/v2\/users\/108"}],"replies":[{"embeddable":true,"href":"https:\/\/blogak.goiena.eus\/imurgiaelkartea\/wp-json\/wp\/v2\/comments?post=431"}],"version-history":[{"count":0,"href":"https:\/\/blogak.goiena.eus\/imurgiaelkartea\/wp-json\/wp\/v2\/posts\/431\/revisions"}],"wp:attachment":[{"href":"https:\/\/blogak.goiena.eus\/imurgiaelkartea\/wp-json\/wp\/v2\/media?parent=431"}],"wp:term":[{"taxonomy":"category","embeddable":true,"href":"https:\/\/blogak.goiena.eus\/imurgiaelkartea\/wp-json\/wp\/v2\/categories?post=431"},{"taxonomy":"post_tag","embeddable":true,"href":"https:\/\/blogak.goiena.eus\/imurgiaelkartea\/wp-json\/wp\/v2\/tags?post=431"}],"curies":[{"name":"wp","href":"https:\/\/api.w.org\/{rel}","templated":true}]}}