{"id":38,"date":"2009-11-02T17:19:00","date_gmt":"2009-11-02T17:19:00","guid":{"rendered":"http:\/\/agrupacionimurgia.wordpress.com\/2009\/11\/02\/sarrerak-asteazkenetik-aurrera-las-entradas-a-partir-del-miercoles"},"modified":"2009-11-02T17:19:00","modified_gmt":"2009-11-02T17:19:00","slug":"sarrerak-asteazkenetik-aurrera-las-entradas-a-partir-del-miercoles","status":"publish","type":"post","link":"https:\/\/blogak.goiena.eus\/imurgiaelkartea\/2009\/11\/02\/sarrerak-asteazkenetik-aurrera-las-entradas-a-partir-del-miercoles\/","title":{"rendered":"Sarrerak asteazkenetik aurrera \/ Las entradas, a partir del mi\u00e9rcoles"},"content":{"rendered":"<p>Arratsalde on.<br \/>Badator zarzuela!!!<br \/>Gaurkoan mezu motz eta garrantzitsu bat luzatuko dizuet. Asteazkenean, hilak 4, <i>La Corte del Fara\u00f3n <\/i>zarzuelarako sarrerak jarriko dira salmentan.<br \/>Salmenta-puntuak:<br \/>&#8211; Kutxa-ko kutxazainetan<br \/>&#8211; Kutxa-ren webgunean: <a href=\"http:\/\/www.generaltickets.com\/kutxa\/index.cfm?NIdioma=V&amp;referer=http:\/\/www.kutxa.net\">http:\/\/www.generaltickets.com\/kutxa\/index.cfm?NIdioma=V&amp;referer=http:\/\/www.kutxa.net<\/a><br \/>&#8211; Amaia Antzokiko takilan, beste ekitalditarako zabalik dagoenean (berton ostegunetik aurrera jarriko dira salmentan, arratsaldeko 20:00etan).<br \/>Laster arte!<\/p>\n<p><i>Buenas tardes.<\/i><br \/><i>\u00a1Ya viene la zarzuela!<\/i><br \/><i> Hoy os voy a escribir un mensaje muy corto. Este mi\u00e9rcoles, 4 de noviembre, se pondr\u00e1n en venta las entradas para ver <\/i>La Corte del Fara\u00f3n<i>. Los puntos de venta ser\u00e1n los siguientes:<\/i><br \/><i>&#8211; Cajeros de Kutxa<\/i><br \/><i>&#8211; Web de Kutxa: <a href=\"http:\/\/www.generaltickets.com\/kutxa\/\">http:\/\/www.generaltickets.com\/kutxa\/<\/a><\/i><br \/><i>&#8211; La taquilla del teatro Amaia Antzokia, cuando est\u00e9 abierto para otros eventos (se pondr\u00e1n en venta en la taquilla el jueves, d\u00eda 5, a las 20:00 de la tarde).\u00a0<\/i><br \/><i>\u00a1Hasta pronto!<\/i><\/p>\n<div class=\"blogger-post-footer\"><img width='1' height='1' src='https:\/\/blogger.googleusercontent.com\/tracker\/4030356578634533594-2631530543714708141?l=agrupacionimurgia.blogspot.com' alt='' \/><\/div>\n","protected":false},"excerpt":{"rendered":"<p>Arratsalde on.Badator zarzuela!!!Gaurkoan mezu motz eta garrantzitsu bat luzatuko dizuet. Asteazkenean, hilak 4, La Corte del Fara\u00f3n zarzuelarako sarrerak jarriko dira salmentan.Salmenta-puntuak:&#8211; Kutxa-ko kutxazainetan&#8211; Kutxa-ren webgunean: http:\/\/www.generaltickets.com\/kutxa\/index.cfm?NIdioma=V&amp;referer=http:\/\/www.kutxa.net&#8211; Amaia Antzokiko takilan, beste ekitalditarako zabalik dagoenean (berton ostegunetik aurrera jarriko dira salmentan, arratsaldeko 20:00etan).Laster arte! Buenas tardes.\u00a1Ya viene la zarzuela! Hoy os voy a escribir un mensaje &hellip; <\/p>\n<p><a class=\"more-link btn\" href=\"https:\/\/blogak.goiena.eus\/imurgiaelkartea\/2009\/11\/02\/sarrerak-asteazkenetik-aurrera-las-entradas-a-partir-del-miercoles\/\">Continue reading<\/a><\/p>\n","protected":false},"author":108,"featured_media":0,"comment_status":"open","ping_status":"open","sticky":false,"template":"","format":"standard","meta":{"ngg_post_thumbnail":0,"footnotes":""},"categories":[18],"tags":[68,69],"class_list":["post-38","post","type-post","status-publish","format-standard","hentry","category-sarrerak","tag-obra","tag-sarrerak","item-wrap"],"_links":{"self":[{"href":"https:\/\/blogak.goiena.eus\/imurgiaelkartea\/wp-json\/wp\/v2\/posts\/38","targetHints":{"allow":["GET"]}}],"collection":[{"href":"https:\/\/blogak.goiena.eus\/imurgiaelkartea\/wp-json\/wp\/v2\/posts"}],"about":[{"href":"https:\/\/blogak.goiena.eus\/imurgiaelkartea\/wp-json\/wp\/v2\/types\/post"}],"author":[{"embeddable":true,"href":"https:\/\/blogak.goiena.eus\/imurgiaelkartea\/wp-json\/wp\/v2\/users\/108"}],"replies":[{"embeddable":true,"href":"https:\/\/blogak.goiena.eus\/imurgiaelkartea\/wp-json\/wp\/v2\/comments?post=38"}],"version-history":[{"count":0,"href":"https:\/\/blogak.goiena.eus\/imurgiaelkartea\/wp-json\/wp\/v2\/posts\/38\/revisions"}],"wp:attachment":[{"href":"https:\/\/blogak.goiena.eus\/imurgiaelkartea\/wp-json\/wp\/v2\/media?parent=38"}],"wp:term":[{"taxonomy":"category","embeddable":true,"href":"https:\/\/blogak.goiena.eus\/imurgiaelkartea\/wp-json\/wp\/v2\/categories?post=38"},{"taxonomy":"post_tag","embeddable":true,"href":"https:\/\/blogak.goiena.eus\/imurgiaelkartea\/wp-json\/wp\/v2\/tags?post=38"}],"curies":[{"name":"wp","href":"https:\/\/api.w.org\/{rel}","templated":true}]}}