{"id":379,"date":"2012-06-16T14:08:21","date_gmt":"2012-06-16T12:08:21","guid":{"rendered":"http:\/\/imurgiaelkartea.org\/?p=379"},"modified":"2012-06-16T14:08:21","modified_gmt":"2012-06-16T12:08:21","slug":"kantuko-kontzertua-concierto-de-canto","status":"publish","type":"post","link":"https:\/\/blogak.goiena.eus\/imurgiaelkartea\/2012\/06\/16\/kantuko-kontzertua-concierto-de-canto\/","title":{"rendered":"Kantuko kontzertua \/ Concierto de canto"},"content":{"rendered":"<p>Aurten ere Arrasate Musikaleko <a href=\"http:\/\/imurgiaelkartea.org\/?page_id=245\" target=\"_blank\">Tere Gonzalez<\/a>en kantuko ikasleek ikasturte amaierako kontzertua eskainiko dute, hurrengo ostiralean, hilak 22. Bertan, Izaskun Murgia Elkarte Lirikoko kideek ere <em>Gigantes y Cabezudos<\/em>-eko lehen hiru abestiak eskainiko dituzte. Bertaratu nahi?<\/p>\n<p>Tambi\u00e9n este a\u00f1o el alumnado de canto de <a href=\"http:\/\/imurgiaelkartea.org\/?page_id=245\" target=\"_blank\">Tere Gonzalez<\/a>, de Arrasate Musikal, dar\u00e1 un concierto de fin de curso, el pr\u00f3ximo viernes, d\u00eda 22. En este concierto la Agrupaci\u00f3n L\u00edrica Izaskun Murgia interpretar\u00e1n los 3 primeros n\u00fameros de la zarzuela <em>Gigantes y Cabezudos<\/em>. \u00a1Est\u00e1is invitados\/as!<\/p>\n","protected":false},"excerpt":{"rendered":"<p>Aurten ere Arrasate Musikaleko Tere Gonzalezen kantuko ikasleek ikasturte amaierako kontzertua eskainiko dute, hurrengo ostiralean, hilak 22. Bertan, Izaskun Murgia Elkarte Lirikoko kideek ere Gigantes y Cabezudos-eko lehen hiru abestiak eskainiko dituzte. Bertaratu nahi? Tambi\u00e9n este a\u00f1o el alumnado de canto de Tere Gonzalez, de Arrasate Musikal, dar\u00e1 un concierto de fin de curso, el &hellip; <\/p>\n<p><a class=\"more-link btn\" href=\"https:\/\/blogak.goiena.eus\/imurgiaelkartea\/2012\/06\/16\/kantuko-kontzertua-concierto-de-canto\/\">Continue reading<\/a><\/p>\n","protected":false},"author":108,"featured_media":0,"comment_status":"open","ping_status":"open","sticky":false,"template":"","format":"standard","meta":{"ngg_post_thumbnail":0,"footnotes":""},"categories":[5,6,12,14],"tags":[24,57,58,33,64,66],"class_list":["post-379","post","type-post","status-publish","format-standard","hentry","category-audiovisuales","category-conciertos","category-ikusentzunezkoak","category-kontzertuak","tag-arrasate-musikal","tag-audiovisuales","tag-conciertos","tag-gigantes-y-cabezudos","tag-ikusentzunezkoak","tag-kontzertuak","item-wrap"],"_links":{"self":[{"href":"https:\/\/blogak.goiena.eus\/imurgiaelkartea\/wp-json\/wp\/v2\/posts\/379","targetHints":{"allow":["GET"]}}],"collection":[{"href":"https:\/\/blogak.goiena.eus\/imurgiaelkartea\/wp-json\/wp\/v2\/posts"}],"about":[{"href":"https:\/\/blogak.goiena.eus\/imurgiaelkartea\/wp-json\/wp\/v2\/types\/post"}],"author":[{"embeddable":true,"href":"https:\/\/blogak.goiena.eus\/imurgiaelkartea\/wp-json\/wp\/v2\/users\/108"}],"replies":[{"embeddable":true,"href":"https:\/\/blogak.goiena.eus\/imurgiaelkartea\/wp-json\/wp\/v2\/comments?post=379"}],"version-history":[{"count":0,"href":"https:\/\/blogak.goiena.eus\/imurgiaelkartea\/wp-json\/wp\/v2\/posts\/379\/revisions"}],"wp:attachment":[{"href":"https:\/\/blogak.goiena.eus\/imurgiaelkartea\/wp-json\/wp\/v2\/media?parent=379"}],"wp:term":[{"taxonomy":"category","embeddable":true,"href":"https:\/\/blogak.goiena.eus\/imurgiaelkartea\/wp-json\/wp\/v2\/categories?post=379"},{"taxonomy":"post_tag","embeddable":true,"href":"https:\/\/blogak.goiena.eus\/imurgiaelkartea\/wp-json\/wp\/v2\/tags?post=379"}],"curies":[{"name":"wp","href":"https:\/\/api.w.org\/{rel}","templated":true}]}}