{"id":2852,"date":"2018-06-18T09:24:07","date_gmt":"2018-06-18T07:24:07","guid":{"rendered":"http:\/\/blogak.goiena.eus\/faroa\/?p=2852"},"modified":"2018-06-18T09:45:29","modified_gmt":"2018-06-18T07:45:29","slug":"mikmaq-irakaslea-eta-kooperatibak","status":"publish","type":"post","link":"https:\/\/blogak.goiena.eus\/faroa\/2018\/06\/18\/mikmaq-irakaslea-eta-kooperatibak\/","title":{"rendered":"M\u00edkmaq irakaslea eta kooperatibak"},"content":{"rendered":"<p><img loading=\"lazy\" decoding=\"async\" class=\"alignnone size-full wp-image-2851\" src=\"http:\/\/blogak.goiena.eus\/faroa\/wp-content\/uploads\/sites\/22\/2018\/06\/Mik-Mak.jpg\" width=\"1307\" height=\"937\" srcset=\"https:\/\/blogak.goiena.eus\/faroa\/wp-content\/uploads\/sites\/22\/2018\/06\/Mik-Mak.jpg 1307w, https:\/\/blogak.goiena.eus\/faroa\/wp-content\/uploads\/sites\/22\/2018\/06\/Mik-Mak-300x215.jpg 300w, https:\/\/blogak.goiena.eus\/faroa\/wp-content\/uploads\/sites\/22\/2018\/06\/Mik-Mak-768x551.jpg 768w, https:\/\/blogak.goiena.eus\/faroa\/wp-content\/uploads\/sites\/22\/2018\/06\/Mik-Mak-1024x734.jpg 1024w, https:\/\/blogak.goiena.eus\/faroa\/wp-content\/uploads\/sites\/22\/2018\/06\/Mik-Mak-1071x768.jpg 1071w\" sizes=\"auto, (max-width: 1307px) 100vw, 1307px\" \/><\/p>\n<p>Joan den larunbatean, Iru\u00f1era joan aurretik, aukera izan genuen <a href=\"https:\/\/www.cbu.ca\/faculty-staff\/faculty\/stephen-augustine\/\"><strong>Stephen J. Augustine<\/strong><\/a> ezagutzeko, Kanadako <a href=\"https:\/\/eu.wikipedia.org\/wiki\/M%C3%ADkmaq\">m\u00edkmaq<\/a> natibo bat, irakaslea <a href=\"https:\/\/www.cbu.ca\/\">Cape Bretongo Unibertsitean,<\/a> eta m\u00edkmaq jendearen enbaxadorea.<\/p>\n<p>Stephen J. Augustine Euskal Herrian dabil egun hauetan, harremanak sakondu nahi ditu-eta <a href=\"https:\/\/www.mondragon.edu\/eu\/hasiera\">Mondragon Unibertsitatearekin<\/a> eta, oro har, kooperatiba mugimenduarekin. Beraren ustez, kooperatiba alternatiba ona izan daiteke m\u00edkmaq tribuentzat, Kanadako Ekialdean barreiatuak, 30.000 lagun ingururekin.<\/p>\n<p>Kafe baten bueltan, Stephen J. Augustinek azaldu zigun m\u00edkmaq jendeak zelan ulertzen duen mundua, eta berton gizakiok zer rol dugun. Izadiari lotutako ikuskera oso bat, gurea baino lotuagoa, eta ezinago ederra.<\/p>\n<p>Stephen J. Augistinek badaki XVI. mendean <a href=\"https:\/\/eu.wikipedia.org\/wiki\/Euskal_Herriko_baleazaleen_Red_Bayko_gunea\">m\u00edkmaq herriak eta euskal baleazaleek<\/a> zelako harreman (jeneralean) ona izan zuten Labrador inguruetan, eta nahiko luke harreman hura luzatu denboran etorkizunari begira. Lortuko ahal du!<\/p>\n","protected":false},"excerpt":{"rendered":"<p>Joan den larunbatean, Iru\u00f1era joan aurretik, aukera izan genuen Stephen J. Augustine ezagutzeko, Kanadako m\u00edkmaq natibo bat, irakaslea Cape Bretongo Unibertsitean, eta m\u00edkmaq jendearen enbaxadorea. Stephen J. Augustine Euskal Herrian dabil egun hauetan, harremanak sakondu nahi ditu-eta Mondragon Unibertsitatearekin eta, &hellip; <a href=\"https:\/\/blogak.goiena.eus\/faroa\/2018\/06\/18\/mikmaq-irakaslea-eta-kooperatibak\/\">Jarraitu irakurtzen <span class=\"meta-nav\">&rarr;<\/span><\/a><\/p>\n","protected":false},"author":22,"featured_media":0,"comment_status":"open","ping_status":"open","sticky":false,"template":"","format":"standard","meta":{"ngg_post_thumbnail":0,"footnotes":""},"categories":[1735],"tags":[2317,2318,209,2316,129],"class_list":["post-2852","post","type-post","status-publish","format-standard","hentry","category-kooperatibak-2","tag-arraiotz","tag-capebreton","tag-kanada","tag-mikmaq","tag-nafarroa"],"_links":{"self":[{"href":"https:\/\/blogak.goiena.eus\/faroa\/wp-json\/wp\/v2\/posts\/2852","targetHints":{"allow":["GET"]}}],"collection":[{"href":"https:\/\/blogak.goiena.eus\/faroa\/wp-json\/wp\/v2\/posts"}],"about":[{"href":"https:\/\/blogak.goiena.eus\/faroa\/wp-json\/wp\/v2\/types\/post"}],"author":[{"embeddable":true,"href":"https:\/\/blogak.goiena.eus\/faroa\/wp-json\/wp\/v2\/users\/22"}],"replies":[{"embeddable":true,"href":"https:\/\/blogak.goiena.eus\/faroa\/wp-json\/wp\/v2\/comments?post=2852"}],"version-history":[{"count":2,"href":"https:\/\/blogak.goiena.eus\/faroa\/wp-json\/wp\/v2\/posts\/2852\/revisions"}],"predecessor-version":[{"id":2855,"href":"https:\/\/blogak.goiena.eus\/faroa\/wp-json\/wp\/v2\/posts\/2852\/revisions\/2855"}],"wp:attachment":[{"href":"https:\/\/blogak.goiena.eus\/faroa\/wp-json\/wp\/v2\/media?parent=2852"}],"wp:term":[{"taxonomy":"category","embeddable":true,"href":"https:\/\/blogak.goiena.eus\/faroa\/wp-json\/wp\/v2\/categories?post=2852"},{"taxonomy":"post_tag","embeddable":true,"href":"https:\/\/blogak.goiena.eus\/faroa\/wp-json\/wp\/v2\/tags?post=2852"}],"curies":[{"name":"wp","href":"https:\/\/api.w.org\/{rel}","templated":true}]}}