{"id":6345,"date":"2026-04-30T11:25:29","date_gmt":"2026-04-30T10:25:29","guid":{"rendered":"https:\/\/blogak.goiena.eus\/elexpuru\/?p=6345"},"modified":"2026-04-30T11:25:30","modified_gmt":"2026-04-30T10:25:30","slug":"gonbidapena-ekainaren-7an-grafitoak-aurkeztu-zirenetik-20-urte-igaro-direnean-ospakizuna-iruna-veleian","status":"publish","type":"post","link":"https:\/\/blogak.goiena.eus\/elexpuru\/2026\/04\/30\/gonbidapena-ekainaren-7an-grafitoak-aurkeztu-zirenetik-20-urte-igaro-direnean-ospakizuna-iruna-veleian\/","title":{"rendered":"Gonbidapena: ekainaren 7an, grafitoak aurkeztu zirenetik 20 urte igaro direnean, ospakizuna Iru\u00f1a-Veleian"},"content":{"rendered":"\n<p><strong>IRU\u00d1A-VELEIA: 20 URTE EGIAREN BILA<\/strong><\/p>\n\n\n\n<p>GONBIDAPENA:<\/p>\n\n\n\n<p>Kaixo lagun:<\/p>\n\n\n\n<p>Iru\u00f1a-Veleia auziak 20 urte beteko ditu aurten, 2006ko ekainaren 8an eta 15ean grafito ezohikoak aurkeztu zirenetik, Hori dela-ta, \u2018I-V Talde Eragilea\u2019k &nbsp;<strong>Ekitaldi berezi bat antolatu du Ekainaren 7rako: bisita gidatua, bazkaria eta bazkalondoa.<\/strong><\/p>\n\n\n\n<p>Egun hau izan dadila gure arteko lotura sendotzeko, arnasa hartu eta aurrera jarraitu ahal izateko indarra biltzeko, I-Vren aldeko aldarrikapenak berritzeko\u2026 Baita gure artetik joan diren Emiliano Illarregi, Gontzal Fontaneda, Hendrike Kn\u00f6r, Joxe Antonio Villar eta I\u00f1aki Aldekoa omentzeko ere beren ekarpenengatik.<\/p>\n\n\n\n<p>Egitaraua erabat finkatuta ez badago ere, poliki-poliki xehetasunak jakinaraziko dira. Oraingoz baieztatu daitekeena da Gorka Kn\u00f6r kantautorea bazkarian izango dela.<\/p>\n\n\n\n<p>Han elkartuko garelakoan,<\/p>\n\n\n\n<p>IV Talde Eragilea.<\/p>\n\n\n\n<p><strong>IRU\u00d1A-VELEIA: 20 A\u00d1OS EN BUSCA DE LA VERDAD<\/strong><br>INVITACI\u00d3N<br>Estimad@ amig@:<br>El caso Iru\u00f1a-Veleia cumple este a\u00f1o 20 a\u00f1os desde que los d\u00edas 8 y 15 de junio de 2006 se presentaran los grafitos extraordinarios. Por ese motivo, \u2018<a>IV Talde Eragilea\u2019 <\/a>ha organizado una jornada especial para el pr\u00f3ximo 7 de Junio con visita guiada, comida y sobremesa.<\/p>\n\n\n\n<p>Que ese d\u00eda sirva para fortalecer nuestro v\u00ednculo, para poder respirar, reunir fuerzas para seguir adelante, renovando las reivindicaciones a favor de I-V&#8230; Tambi\u00e9n para homenajear a los que se han ido de entre nosotros, Emiliano Illarregi, Gontzal Fontaneda, Hendrike Kn\u00f6r, Joxe Antonio Villar e I\u00f1aki Aldekoa por sus aportaciones.<br>El programa no est\u00e1 del todo detallado, por lo que poco a poco se ir\u00e1n concretando y dando a conocer los horarios, lugar, etc. Lo que se puede confirmar de momento es que el cantautor Gorka Kn\u00f6r estar\u00e1 presente en la comida.<br>Con la esperanza de que nos veamos ese d\u00eda,<\/p>\n\n\n\n<p>IV Talde Eragilea\u2019\u00a0<\/p>\n\n\n\n<p><\/p>\n","protected":false},"excerpt":{"rendered":"<p>IRU\u00d1A-VELEIA: 20 URTE EGIAREN BILA GONBIDAPENA: Kaixo lagun: Iru\u00f1a-Veleia auziak 20 urte beteko ditu aurten, 2006ko ekainaren 8an eta 15ean grafito ezohikoak aurkeztu zirenetik, Hori dela-ta, \u2018I-V Talde Eragilea\u2019k &nbsp;Ekitaldi berezi bat antolatu du Ekainaren 7rako: bisita gidatua, bazkaria eta &hellip; <a href=\"https:\/\/blogak.goiena.eus\/elexpuru\/2026\/04\/30\/gonbidapena-ekainaren-7an-grafitoak-aurkeztu-zirenetik-20-urte-igaro-direnean-ospakizuna-iruna-veleian\/\">Jarraitu irakurtzen <span class=\"meta-nav\">&rarr;<\/span><\/a><\/p>\n","protected":false},"author":18,"featured_media":0,"comment_status":"open","ping_status":"open","sticky":false,"template":"","format":"standard","meta":{"ngg_post_thumbnail":0,"footnotes":""},"categories":[1],"tags":[],"class_list":["post-6345","post","type-post","status-publish","format-standard","hentry","category-sailkatugabeak"],"_links":{"self":[{"href":"https:\/\/blogak.goiena.eus\/elexpuru\/wp-json\/wp\/v2\/posts\/6345","targetHints":{"allow":["GET"]}}],"collection":[{"href":"https:\/\/blogak.goiena.eus\/elexpuru\/wp-json\/wp\/v2\/posts"}],"about":[{"href":"https:\/\/blogak.goiena.eus\/elexpuru\/wp-json\/wp\/v2\/types\/post"}],"author":[{"embeddable":true,"href":"https:\/\/blogak.goiena.eus\/elexpuru\/wp-json\/wp\/v2\/users\/18"}],"replies":[{"embeddable":true,"href":"https:\/\/blogak.goiena.eus\/elexpuru\/wp-json\/wp\/v2\/comments?post=6345"}],"version-history":[{"count":1,"href":"https:\/\/blogak.goiena.eus\/elexpuru\/wp-json\/wp\/v2\/posts\/6345\/revisions"}],"predecessor-version":[{"id":6346,"href":"https:\/\/blogak.goiena.eus\/elexpuru\/wp-json\/wp\/v2\/posts\/6345\/revisions\/6346"}],"wp:attachment":[{"href":"https:\/\/blogak.goiena.eus\/elexpuru\/wp-json\/wp\/v2\/media?parent=6345"}],"wp:term":[{"taxonomy":"category","embeddable":true,"href":"https:\/\/blogak.goiena.eus\/elexpuru\/wp-json\/wp\/v2\/categories?post=6345"},{"taxonomy":"post_tag","embeddable":true,"href":"https:\/\/blogak.goiena.eus\/elexpuru\/wp-json\/wp\/v2\/tags?post=6345"}],"curies":[{"name":"wp","href":"https:\/\/api.w.org\/{rel}","templated":true}]}}