{"id":81,"date":"2008-06-11T01:21:21","date_gmt":"2008-06-11T01:21:21","guid":{"rendered":"http:\/\/goiena.net\/blogak\/bidasoatik\/uraren-koplak"},"modified":"2008-06-11T01:21:21","modified_gmt":"2008-06-11T01:21:21","slug":"uraren-koplak","status":"publish","type":"post","link":"https:\/\/blogak.goiena.eus\/bidasoatik\/2008\/06\/11\/uraren-koplak\/","title":{"rendered":"Uraren koplak"},"content":{"rendered":"<p>Badut biziki maite dudan kataluinako lagun bat. Ostiralero-ostiralero bidaltzen dit olerki bat, eta inoiz berak ezin badu, beste batek hartzen du ardura hori, sekulan ez du kale egiten. Aurreko ostiralean hauetxek jaso nituen, uraren gainean denak, hainbat egilerenak. Bere horretan jarri ditut; Sarrionandiarena erantsi dut nik.<\/p>\n<div style=\"text-align: center\"><a href=\"http:\/\/www.flickr.com\/photos\/bidasoatik\/2569154562\/\" title=\"uraren freskotasuna por bidasoatik, en Flickr\"><img decoding=\"async\" style=\"width: 380px;height: 232px\" src=\"https:\/\/farm4.static.flickr.com\/3116\/2569154562_e1dda8ed4c.jpg\" alt=\"uraren freskotasuna\"><\/a>\n<\/div>\n<div style=\"text-align: center\">\n<\/div>\n<p>L&#8217;EDICI\u00d3 D&#8217;AVUI L&#8217;HE VULGUT FER UN XIC ESPECIAL I AMB TANT D&#8217;AIGUA, D&#8217;AIGUA S\u00c0VIA QUE CAU PER TOT ARREU, QUE RECORRE ELS NOSTRES COSSOS I ENS ESTREMEIX, HE VOLGUT FER UN TAST DE POETES D&#8217;ARREU DEL M\u00d2N QUE HAN EVOCAT L&#8217;AIGUA EN LES SEVES POESIES<\/p>\n<p>L&#8217;AIGUA POTABLE SEMPRE HA ESDEVINGUT UN PROBLEMA UNIVERSAL, I SIN\u00d2 LLEGIU AL POETA MEXIC\u00c0 QUE PODRIA SER ALG\u00da DE LA PLATAFORMA DEL EBRE O DEL SEGRE<\/p>\n<p>JA QUEDEN POCS DIES D&#8217;AIGUA I PER TANT US RECOMANO ENCARESCUDAMENT QUE DEDIQUEU UNS MINUTS A VEURE PLOURE, SENSE MES SOROLL QUE EL XIPOTEIG DE LA PLUJA EN CAURE&#8230;&#8230;.APROFITEU DE LA MATEIXA MANERA QUE ENS QUEDEM EMBADALITS QUAN NEVA, QUEDEM-NOS ENBADALITS VEGENT COM REGALIMEN LES GOTES DE PLUJA A TRAV\u00c9S DE LA FINESTRA, PENSEU EN ELS RECORDS, QUE S&#8217;ESVAEIXEN COM LES GOTETES QUE LLISQUEN PEL VIDRE, I POTSER, A LA MILLOR RECUPEREU ALGUN D&#8217;HERMOS QUE EL TENIEU OBLIDAT EN EL BAG\u00daL DELS RECORS<\/p>\n<p>BON CAP DE SETMANA I  BONA PLUJA<\/p>\n<p>BONA FEINA TAMB\u00c9 ALS LLUITADORS PER L&#8217;AIGUA<\/p>\n<div style=\"text-align: center\"><a href=\"http:\/\/www.flickr.com\/photos\/bidasoatik\/2568357253\/\" title=\"itsasoa bare-bare por bidasoatik, en Flickr\"><img loading=\"lazy\" decoding=\"async\" src=\"https:\/\/farm4.static.flickr.com\/3119\/2568357253_886eaee044.jpg\" alt=\"itsasoa bare-bare\" height=\"213\" width=\"334\"><\/a><\/div>\n<div style=\"text-align: center\">\n<\/div>\n<div style=\"text-align: left\"><b>1. MIGUEL ARTECHE (ESPANYA)<br \/>\n<\/b><br \/><span style=\"font-weight: bold\">&#8220;El Agua<\/span>&#8220;<br \/>&nbsp;A media noche despert\u00e9.<br \/>\n<br \/>Toda la casa navegaba.<\/p>\n<p>Era la lluvia con la lluvia<br \/>\n<br \/>de la postrera madrugada.<\/p>\n<p>Toda la casa era silencio,<br \/>\n<br \/>y eran silencio las monta\u00f1as<br \/>\n<br \/>de aquella noche. <br \/>No se o\u00eda<br \/>\nsino caer el agua.<\/p>\n<p>Me v\u00ed despierto a medianoche<br \/>&nbsp;buscando a tientas la ventana;<br \/>\n<br \/>pero en la casa y sobre el mundo<br \/>\n<br \/>no hab\u00eda hermanos, madre, nada.<\/p>\n<p>Y hacia el espacio oscuro y fr\u00edo<br \/>\n<br \/>y fr\u00edo el barco caminaba<br \/>\n<br \/>conmigo. \u00bfQui\u00e9n mov\u00eda<br \/>\n<br \/>todas las velas solitarias?<\/p>\n<p>Nadie me dijo que saliera.<\/p>\n<p>Nadie me dijo que me entrara,<br \/>\n<br \/>y adentro, adentro de m\u00ed mismo<br \/>\n<br \/>me retir\u00e9: toda la casa.<\/p>\n<p>Me vio en el tiempo que yo fui,<br \/>\n<br \/>y en el ser\u00e9 la vi lejana,<br \/>\n<br \/>y ya no pude reclinar<br \/>\n<br \/>mi juventud sobre la almohada.<\/p>\n<p>A medianoche busqu\u00e9<br \/>\n<br \/>mientras la casa navegaba.<br \/>\n<br \/>Y sobre el mundo no se oy\u00f3<br \/>\n<br \/>sino caer el agua.<\/p>\n<\/div>\n<div style=\"text-align: center\"><a href=\"http:\/\/www.flickr.com\/photos\/bidasoatik\/2568349353\/\" title=\"ura bare-bare por bidasoatik, en Flickr\"><img decoding=\"async\" style=\"width: 311px;height: 134px\" src=\"https:\/\/farm4.static.flickr.com\/3182\/2568349353_a89c2a8673.jpg\" alt=\"ura bare-bare\"><\/a>\n<\/div>\n<p><b>2. NORMA SEGADES (ARGENTINA)<br \/>\n<\/b><br \/><span style=\"font-weight: bold\">Coplas del Agua<\/span><\/p>\n<p>El balde viene silbando<br \/>\n<br \/>las viejas coplas del agua<br \/>\n<br \/>salpicando, entre vaivenes,<br \/>\n<br \/>las rodillas enlutadas.<\/p>\n<p>Coplas del agua en los juncos,<br \/>\n<br \/>murmullos de risa clara:<br \/>\n<br \/>\u00bfhacia d\u00f3nde ir\u00e1 tu silbo<br \/>\n<br \/>de caracoles y escamas?<\/p>\n<p>Viene so\u00f1ando, la ni\u00f1a,<br \/>\n<br \/>las viejas coplas del agua,<br \/>\n<br \/>enredando la paciencia<br \/>\n<br \/>en el pico de las garzas.<\/p>\n<p>Coplas del agua en la arena,<br \/>camalotes sin amarras:<br \/>\u00bfhacia d\u00f3nde ir\u00e1n tus sue\u00f1os<br \/>cuando estallen las chicharras?<\/p>\n<p>Quebrando totoras vienen<br \/>las viejas coplas del agua<br \/>dejando, por los senderos,<br \/>huellas de plantas descalzas.<\/p>\n<p>Coplas del agua en el sauce,<br \/>cabellera destrenzada:<br \/>\u00bfhacia d\u00f3nde ir\u00e1n tus olas<br \/>a desandar la distancia?<\/p>\n<p>La siesta viene asoleando<br \/>las viejas coplas del agua,<br \/>desperezando gramillas<br \/>junto al vientre de hojalata.<\/p>\n<p>Coplas del agua en el r\u00edo,<br \/>laberinto de mojarras:<br \/>\u00bfhacia d\u00f3nde ir\u00e1 tu espuma<br \/>en las riberas del alba?<\/p>\n<div style=\"text-align: center\"><a href=\"http:\/\/www.flickr.com\/photos\/bidasoatik\/2568408763\/\" title=\"uraren koloreak por bidasoatik, en Flickr\"><img loading=\"lazy\" decoding=\"async\" src=\"https:\/\/farm4.static.flickr.com\/3003\/2568408763_23786eed1a.jpg\" alt=\"uraren koloreak\" height=\"144\" width=\"299\"><\/a>\n<\/div>\n<p><b>3. JUAN RAMON GIMENEZ (ESPANYA)<br \/>\n<\/b><span style=\"font-weight: bold\"><br \/>  Agua en el agua<\/p>\n<p><\/span>Quisiera que mi vida<br \/>\n<br \/>se cayera en la muerte,<br \/>\n<br \/>como este <a href=\"https:\/\/farm4.static.flickr.com\/3272\/2568330369_568930ff70.jpg\">chorro alto<\/a> de agua bella<br \/>\n<br \/>en el agua tendida matinal;<br \/>\n<br \/>ondulado, brillante, sensual, alegre,<br \/>\n<br \/>con todo el mundo diluido en \u00e9l,<br \/>\n<br \/>en gracia n\u00edtida y feliz.<\/p>\n<p>4. EMILIANO ROBLES BECERRIL (M\u00c8XIC)<br \/>\n<span style=\"font-weight: bold\"><br \/>El ciclo del agua<\/span><\/p>\n<p>Y los empresarios dijeron<br \/>hay que privatizar el agua<br \/>porque se acaba<\/p>\n<p>\u00bfqu\u00e9 costar\u00e1 m\u00e1s?<br \/>yo me pregunto<br \/>\u00bfEl agua de lluvia,<br \/>&nbsp;o la de la c\u00e1lida alberca.<br \/>El agua del escusado<br \/>o la de la regadera? <\/p>\n<p>\u00bfEl agua que tomo<br \/>\n<br \/>o la que ba\u00f1a<br \/>\n<br \/>aquel convertible rojo?<\/p>\n<p>Quieren privatizar el agua<br \/>\n<br \/>como si pudieran<br \/>\n<br \/>agarrarla y etiquetarla<br \/>\n<br \/>como si fuera<br \/>\nuna cosa est\u00e1tica.<\/p>\n<p>El agua no es<br \/>\n<br \/>una cosa est\u00e1tica<br \/>\n<br \/>y mucho menos<br \/>\n<br \/>tiene <a href=\"https:\/\/farm4.static.flickr.com\/3024\/2569180680_4b3f71ba1c.jpg\">forma<\/a><\/p>\n<p>En veces corre r\u00e1pido<br \/>\n<br \/>y tiene forma de <a href=\"https:\/\/farm4.static.flickr.com\/3186\/2568408431_2df84d0cfc.jpg\">r\u00edo<\/a><br \/>\n<br \/>en veces llega al mar<br \/>\n<br \/>y se convierte en ola<br \/>\n<br \/>y luego se evapora<br \/>\n<br \/>y las nubes conforma.<\/p>\n<p>El agua en veces<br \/>se toma<br \/>y como roc\u00edo<br \/>las flores moja<\/p>\n<p>A veces el agua<br \/>las hierbas riega<br \/>y dentro de mi cuerpo<br \/>en sangre y fluido<br \/>se encuentra.<\/p>\n<p>El agua forma los bosques,<br \/>las selvas, los manglares<br \/>la tundra y la tormenta.<\/p>\n<p>El agua las parcelas riega<br \/>y nutre la semilla<br \/>pa\u2019 que luego<br \/>nos alimentemos<br \/>de lo que brota<br \/>de la tierra.<\/p>\n<p>En veces el agua<br \/>se la roban<br \/>y luego nos la venden<br \/>llenas de burbujas,<br \/>con muchos colores<br \/>y artos conservadores.<\/p>\n<p>En las ciudades,<br \/>de los campos<br \/>el agua se la traen<br \/>y a los campos<br \/>se las regresamos<\/p>\n<p>con formas de aguas negras<br \/>llenas de desperdicios<br \/>enfermedades<br \/>y bacterias.<\/p>\n<p>&nbsp;-aigua, agua, acqua, eau, ura<br \/>\n<br \/>-la pluja, la lluvia, la pioggia, la pluie, euria<br \/>\n<br \/>-ploure, llover, pi\u00f2vere, pleuvoir, euria egin<br \/>\n<br \/>-les gotes de pluja, las gotas de lluvia, les gouttes de pluie, euri tantak<\/p>\n<div style=\"text-align: center\"><a href=\"http:\/\/www.flickr.com\/photos\/bidasoatik\/2569153564\/\" title=\"itsasoaren indarra por bidasoatik, en Flickr\"><img loading=\"lazy\" decoding=\"async\" src=\"https:\/\/farm4.static.flickr.com\/3056\/2569153564_58ae05cb1f.jpg\" alt=\"itsasoaren indarra\" height=\"165\" width=\"280\"><\/a>\n<\/div>\n<p><b>5. Joseba Sarrionandia<br \/>&nbsp;&nbsp;&nbsp; Olerkia<br \/><\/b><\/p>\n<div style=\"text-align: center\"><span>O<\/span><span style=\"font-size: 100%\">lerkiak sortu zuen lurra<\/span>\n<\/div>\n<p align=\"center\"> <span style=\"font-size: 100%\">lurrak sortu zuen ura<\/span>\n<\/p>\n<p align=\"center\"> <span style=\"font-size: 100%\">urak sortu zuen zura<\/span>\n<\/p>\n<p align=\"center\"> <span style=\"font-size: 100%\">zurak sortu zuen hostoa<\/span>\n<\/p>\n<p align=\"center\"> <span style=\"font-size: 100%\">hostoak sortu zuen haizea<\/span>\n<\/p>\n<p align=\"center\"> <span style=\"font-size: 100%\">haizeak sortu zuen karnaba<\/span>\n<\/p>\n<p align=\"center\"> <span style=\"font-size: 100%\">karnabak sortu zuen olerkia<\/span><\/p>\n<p align=\"center\"> <span style=\"font-size: 100%\">olerkiak hil zuen lurra<\/span>\n<\/p>\n<p align=\"center\"> <span style=\"font-size: 100%\">lurrak hil zuen ura<\/span>\n<\/p>\n<p align=\"center\"> <span style=\"font-size: 100%\">urak hil zuen zura<\/span>\n<\/p>\n<p align=\"center\"> <span style=\"font-size: 100%\">zurak hil zuen hostoa<\/span>\n<\/p>\n<p align=\"center\"> <span style=\"font-size: 100%\">hostoak hil zuen haizea<\/span>\n<\/p>\n<p align=\"center\"> <span style=\"font-size: 100%\">haizeak hil zuen karnaba<\/span>\n<\/p>\n<div style=\"text-align: center\"><span style=\"font-size: 100%\">karnabak hil zuen olerkia<\/p>\n<p><\/span><\/p>\n<div style=\"text-align: right\">\n<p style=\"text-align: right;font-style: italic\">Izuen gordelekuetan barrena<\/p>\n<p><\/p>\n<p style=\"text-align: center\">\n<p><a href=\"http:\/\/www.flickr.com\/photos\/bidasoatik\/2569181194\/\" title=\"uraren koloreak por bidasoatik, en Flickr\"><img loading=\"lazy\" decoding=\"async\" src=\"https:\/\/farm4.static.flickr.com\/3257\/2569181194_a993d1fca4.jpg\" alt=\"uraren koloreak\" height=\"207\" width=\"305\"><\/a><\/p>\n<\/p>\n<\/div>\n<\/div>\n","protected":false},"excerpt":{"rendered":"<p>Badut biziki maite dudan kataluinako lagun bat. Ostiralero-ostiralero bidaltzen dit olerki bat, eta inoiz berak ezin badu, beste batek hartzen du ardura hori, sekulan ez du kale egiten. Aurreko ostiralean hauetxek jaso nituen, uraren gainean denak, hainbat egilerenak. Bere horretan &hellip; <a href=\"https:\/\/blogak.goiena.eus\/bidasoatik\/2008\/06\/11\/uraren-koplak\/\">Jarraitu irakurtzen <span class=\"meta-nav\">&rarr;<\/span><\/a><\/p>\n","protected":false},"author":13,"featured_media":0,"comment_status":"open","ping_status":"open","sticky":false,"template":"","format":"standard","meta":{"ngg_post_thumbnail":0,"footnotes":""},"categories":[1],"tags":[165,164,166,163,162],"class_list":["post-81","post","type-post","status-publish","format-standard","hentry","category-sailkatugabeak","tag-acqua","tag-agua","tag-aigua","tag-eau","tag-ura"],"_links":{"self":[{"href":"https:\/\/blogak.goiena.eus\/bidasoatik\/wp-json\/wp\/v2\/posts\/81","targetHints":{"allow":["GET"]}}],"collection":[{"href":"https:\/\/blogak.goiena.eus\/bidasoatik\/wp-json\/wp\/v2\/posts"}],"about":[{"href":"https:\/\/blogak.goiena.eus\/bidasoatik\/wp-json\/wp\/v2\/types\/post"}],"author":[{"embeddable":true,"href":"https:\/\/blogak.goiena.eus\/bidasoatik\/wp-json\/wp\/v2\/users\/13"}],"replies":[{"embeddable":true,"href":"https:\/\/blogak.goiena.eus\/bidasoatik\/wp-json\/wp\/v2\/comments?post=81"}],"version-history":[{"count":0,"href":"https:\/\/blogak.goiena.eus\/bidasoatik\/wp-json\/wp\/v2\/posts\/81\/revisions"}],"wp:attachment":[{"href":"https:\/\/blogak.goiena.eus\/bidasoatik\/wp-json\/wp\/v2\/media?parent=81"}],"wp:term":[{"taxonomy":"category","embeddable":true,"href":"https:\/\/blogak.goiena.eus\/bidasoatik\/wp-json\/wp\/v2\/categories?post=81"},{"taxonomy":"post_tag","embeddable":true,"href":"https:\/\/blogak.goiena.eus\/bidasoatik\/wp-json\/wp\/v2\/tags?post=81"}],"curies":[{"name":"wp","href":"https:\/\/api.w.org\/{rel}","templated":true}]}}