{"id":44,"date":"2009-11-10T16:51:31","date_gmt":"2009-11-10T16:51:31","guid":{"rendered":"http:\/\/goiena.net\/blogak\/bidasoatik\/musika-eskola-bai-astakeriarik-ez"},"modified":"2009-11-10T16:51:31","modified_gmt":"2009-11-10T16:51:31","slug":"musika-eskola-bai-astakeriarik-ez","status":"publish","type":"post","link":"https:\/\/blogak.goiena.eus\/bidasoatik\/2009\/11\/10\/musika-eskola-bai-astakeriarik-ez\/","title":{"rendered":"Musika Eskola BAI, astakeriarik EZ"},"content":{"rendered":"<blockquote><p><a href=\"http:\/\/www.flickr.com\/photos\/bidasoatik\/4092273059\/\" title=\"Escuela de M\u00fasica SI, burradas NO por bidasoatik, en Flickr\"><img decoding=\"async\" style=\"width: 340px;height: 206px\" src=\"https:\/\/farm3.static.flickr.com\/2631\/4092273059_d13e114a48.jpg\" alt=\"Escuela de M\u00fasica SI, burradas NO\"><\/a><\/p><\/blockquote>\n<p>Urte batzuk geldirik eman ondoren, Alde Zaharreko auzo-elkartea <a href=\"http:\/\/harresi-hondarribia.blogspot.com\/\">&#8220;Harresi&#8221;<\/a> abian jarri da. Udalak lehengo Musika Eskola bota eta berria egin nahi du. Espazio horrek 556m2 baino ez ditu, eta sekulako eraikina jarri nahi dute. Antzeko proiektua egiteko Astigarragako udalak, ostera, 3500m2 erabiliko ditu. Bada aldea, gero!<br \/>Hona hemen hauzotarrek idatzitako ez adostasuna eta arrazoibideak.<\/p>\n<p><span style=\"font-weight: bold\">Musika Eskola de Hondarribia: Espacio, l\u00f3gica y pol\u00edtica<\/span><br \/>El debate entre realizar un gran edificio de cultura que albergar\u00e1 las<br \/>\ndistintas actividades culturales, o fraccionarlas en distintas<br \/>\nedificaciones de menor porte, se resolvi\u00f3 legislaturas atr\u00e1s optando<br \/>\npor una sede centralizada de cultura. No era una mala decisi\u00f3n. Pero<br \/>\ntras a\u00f1os de proyectos fallidos en emplazamientos mucho m\u00e1s adecuados,<br \/>\ncomo la zona de Jostaldi o la finca Olazabal (m\u00e1s de 3.000 m2), se<br \/>\ndecide ubicar el edificio en los 556 m2 de la parcela actual y, claro<br \/>\nest\u00e1, no cabe. Y cuando algo no cabe en un espacio, o se busca un<br \/>\nespacio mayor o se reduce el tama\u00f1o de ese algo.<\/p>\n<blockquote>\n<blockquote><p><a href=\"http:\/\/www.flickr.com\/photos\/bidasoatik\/405026096\/\" title=\"Musika eskola_0060 por bidasoatik, en Flickr\"><img loading=\"lazy\" decoding=\"async\" src=\"https:\/\/farm1.static.flickr.com\/156\/405026096_b6ac25965b_m.jpg\" alt=\"Musika eskola_0060\" height=\"177\" width=\"262\"><\/a><\/p><\/blockquote>\n<\/blockquote>\n<p>Pero<br \/>\ntambi\u00e9n hay otra forma de afrontar la situaci\u00f3n. Si no cabe tiremos<br \/>\nhacia arriba, aunque construyamos un edificio totalmente discordante<br \/>\ncon el entorno hist\u00f3rico que le rodea. Y tiremos tambi\u00e9n para abajo,<br \/>\naunque haya que excavar tanta profundidad que suponga un evidente<br \/>\nriesgo para el patrimonio hist\u00f3rico de la ciudad. Por il\u00f3gico que<br \/>\nparezca, \u00e9sta es la soluci\u00f3n decidida por nuestros representantes<br \/>\nmunicipales. Y por unanimidad. Dicen muchos ahora que no estaban de<br \/>\nacuerdo con el volumen del edificio, pero dicen que les dijeron que los<br \/>\nvecinos estaban de acuerdo. Y si los vecinos est\u00e1n de acuerdo\u2026<\/p>\n<p>Pero<br \/>\nlos vecinos no estaban de acuerdo. Simplemente no conoc\u00edan el proyecto.<br \/>\nNo es que se haya esforzado mucho el Ayuntamiento para que la<br \/>\ninformaci\u00f3n llegara a los ciudadanos. Los pocos que lo sab\u00edan pensaban<br \/>\nque, si nadie dice nada, por qu\u00e9 voy a ser yo. Y a los muy pocos que<br \/>\navisaron les miramos de reojo. Ya est\u00e1n los de siempre quej\u00e1ndose de<br \/>\ntodo. Tendremos que escribir 100 veces &#8220;<span style=\"font-style: italic\">mea culpa<\/span>&#8220;,<br \/>\nporque la realidad del proyecto era a\u00fan m\u00e1s desproporcionada de lo que<br \/>\nestaban avisando. Es un buen ejemplo de lo que llega a suceder cuando<br \/>\npol\u00edtica y ciudadan\u00eda se viven como mundos separados. Cuando la<br \/>\nCorporaci\u00f3n municipal cree saber lo que quieren los ciudadanos \u2013sin<br \/>\nhab\u00e9rselo preguntado\u2013, y cuando los ciudadanos entienden que su<br \/>\nparticipaci\u00f3n se limita a votar una vez cada cuatro a\u00f1os \u2013y poner el<br \/>\nresto del tiempo de vuelta y media al Ayuntamiento\u2013. Para algo ha<br \/>\nservido ya este debate. Para los siguientes proyectos el Ayuntamiento<br \/>\nse est\u00e1 reuniendo con los ciudadanos afectados, para informarles y<br \/>\nrecibir sus sugerencias. Y los vecinos han reactivado Harresi, la<br \/>\nasociaci\u00f3n de vecinos del Casco Hist\u00f3rico.<\/p>\n<p>Los vecinos se han<br \/>\norganizado, y no piden la luna. S\u00f3lo piden que el edificio reduzca su<br \/>\nexagerado volumen y que se reduzca el riesgo sobre los<a href=\"https:\/\/farm3.static.flickr.com\/2497\/4092272371_f27e91f137_o.jpg\"> edificios cercanos<\/a>. Eso implica reducir algo de su contenido. El sal\u00f3n de actos municipal que ocupa la planta baja no es imprescindible.<\/p>\n<p>Hondarribia<br \/>\ncontar\u00e1 en breve con un auditorio para m\u00e1s de 400 personas en Itsas<br \/>\nEtxea. Por supuesto que ser\u00eda deseable que Musika Eskola contara con su<br \/>\npropio auditorio, como suceder\u00e1 en Astigarraga. Pero Astigarraga pone<br \/>\n3.500 m2 a disposici\u00f3n de su proyecto y nosotros s\u00f3lo 556. Y tampoco es<br \/>\nimprescindible que un edificio dedicado a la m\u00fasica tenga excavada en<br \/>\nsu subsuelo una sala de exposiciones. Cualquier planta del edificio<br \/>\nreci\u00e9n rehabilitado en Arma Plaza podr\u00eda cumplir perfectamente esta<br \/>\nfunci\u00f3n.<\/p>\n<p>Parece que reducir el tama\u00f1o del edificio es tab\u00fa. Un<br \/>\npecado mortal quitar algo de lo que estaba proyectado. No debe tomarse<br \/>\ncomo una cesi\u00f3n. Tampoco los vecinos est\u00e1n felices con la alternativa<br \/>\nque proponen. Reducir la profundidad de excavaci\u00f3n de doce a ocho<br \/>\nmetros reduce el riesgo, pero es obvio que no lo elimina. Y construir<br \/>\nel edificio agregando a los 180 m2 de la parcela original, los 375 m2<br \/>\nde jard\u00edn que la rodeaban, acaba con una de las pocas <a href=\"https:\/\/farm1.static.flickr.com\/164\/405026101_dd4cdbb67a_o.jpg\">zonas verdes<\/a> que quedaban en el interior del casco hist\u00f3rico. No es una alternativa<br \/>\nque haga feliz a nadie, pero es una alternativa posibilista que busca<br \/>\npoder llegar a un encuentro entre todos los intereses.<\/p>\n<blockquote><p>&nbsp;<a href=\"http:\/\/www.flickr.com\/photos\/bidasoatik\/4092272085\/\" title=\"lanak-musika eskola por bidasoatik, en Flickr\"><img loading=\"lazy\" decoding=\"async\" src=\"https:\/\/farm3.static.flickr.com\/2427\/4092272085_d3932875cc_m.jpg\" alt=\"lanak-musika eskola\" height=\"209\" width=\"309\"><\/a><\/p><\/blockquote>\n<p>Musika<br \/>\nEskola necesita ampliar su espacio, y por eso en el cap\u00edtulo de aulas<br \/>\nsupera en un 653% los requisitos del Decreto 289\/1992 sobre Escuelas de<br \/>\nM\u00fasica. Y los ciudadanos necesitamos a Musika Eskola. Por eso seguir\u00e1<br \/>\nteniendo esa misma dimensi\u00f3n en la alternativa vecinal. Pero tambi\u00e9n<br \/>\nnecesitamos proteger al casco hist\u00f3rico de intervenciones urban\u00edsticas<br \/>\nirreparables y de riesgos innecesarios. Tenemos que compatibilizar la<br \/>\nformaci\u00f3n musical de nuestros hijos con entregarles un patrimonio<br \/>\nhist\u00f3rico en condiciones dignas.<\/p>\n<p>Optar por un edificio<br \/>\naglutinador de cultura fue una buena decisi\u00f3n l\u00f3gica y pol\u00edtica tomada<br \/>\nen un momento determinado para un espacio determinado. Si ahora no hay<br \/>\nespacio suficiente, ubicar algunos elementos en otros lugares es<br \/>\nsimplemente otra decisi\u00f3n l\u00f3gica y pol\u00edtica igual de buena. Insistir en<br \/>\nel planteamiento original podr\u00e1 ser pol\u00edtico \u2013que no creo\u2013, pero desde<br \/>\nluego no es l\u00f3gico.<\/p>\n<p>Hay opiniones, respetables, que plantean que<br \/>\nel edificio debe hacerse porque es necesario, pero no he podido<br \/>\nencontrar voces favorables al volumen que finalmente tendr\u00e1. A ver si<br \/>\nva a resultar al final que, estando todos en desacuerdo con el tama\u00f1o<br \/>\ndel edificio, acaba construy\u00e9ndose como estaba proyectado porque se ha<br \/>\nentrado en una inercia que ya no puede pararse. Si as\u00ed sucede, costar\u00e1<br \/>\nen el futuro encontrar otra situaci\u00f3n que empate en estupidez con \u00e9sta.<\/p>\n<div style=\"text-align: right\"><span style=\"font-size: 85%\"><span style=\"font-style: italic\">ERNESTO GOIRICELAYA &#8211; Viernes, 23 de Octubre de 2009<\/span> <span style=\"font-style: italic\">TRIBUNA ABIERTA\/Noticias de Gipuzkoa<\/span><br \/><\/span><\/div>\n<p><\/p>\n","protected":false},"excerpt":{"rendered":"<p>Urte batzuk geldirik eman ondoren, Alde Zaharreko auzo-elkartea &#8220;Harresi&#8221; abian jarri da. Udalak lehengo Musika Eskola bota eta berria egin nahi du. Espazio horrek 556m2 baino ez ditu, eta sekulako eraikina jarri nahi dute. Antzeko proiektua egiteko Astigarragako udalak, ostera, &hellip; <a href=\"https:\/\/blogak.goiena.eus\/bidasoatik\/2009\/11\/10\/musika-eskola-bai-astakeriarik-ez\/\">Jarraitu irakurtzen <span class=\"meta-nav\">&rarr;<\/span><\/a><\/p>\n","protected":false},"author":13,"featured_media":0,"comment_status":"open","ping_status":"open","sticky":false,"template":"","format":"standard","meta":{"ngg_post_thumbnail":0,"footnotes":""},"categories":[1],"tags":[112,111,114,4,115,113],"class_list":["post-44","post","type-post","status-publish","format-standard","hentry","category-sailkatugabeak","tag-eskola","tag-harresi","tag-historikoa","tag-hondarribia","tag-kasko","tag-musika"],"_links":{"self":[{"href":"https:\/\/blogak.goiena.eus\/bidasoatik\/wp-json\/wp\/v2\/posts\/44","targetHints":{"allow":["GET"]}}],"collection":[{"href":"https:\/\/blogak.goiena.eus\/bidasoatik\/wp-json\/wp\/v2\/posts"}],"about":[{"href":"https:\/\/blogak.goiena.eus\/bidasoatik\/wp-json\/wp\/v2\/types\/post"}],"author":[{"embeddable":true,"href":"https:\/\/blogak.goiena.eus\/bidasoatik\/wp-json\/wp\/v2\/users\/13"}],"replies":[{"embeddable":true,"href":"https:\/\/blogak.goiena.eus\/bidasoatik\/wp-json\/wp\/v2\/comments?post=44"}],"version-history":[{"count":0,"href":"https:\/\/blogak.goiena.eus\/bidasoatik\/wp-json\/wp\/v2\/posts\/44\/revisions"}],"wp:attachment":[{"href":"https:\/\/blogak.goiena.eus\/bidasoatik\/wp-json\/wp\/v2\/media?parent=44"}],"wp:term":[{"taxonomy":"category","embeddable":true,"href":"https:\/\/blogak.goiena.eus\/bidasoatik\/wp-json\/wp\/v2\/categories?post=44"},{"taxonomy":"post_tag","embeddable":true,"href":"https:\/\/blogak.goiena.eus\/bidasoatik\/wp-json\/wp\/v2\/tags?post=44"}],"curies":[{"name":"wp","href":"https:\/\/api.w.org\/{rel}","templated":true}]}}