{"id":35,"date":"2010-07-01T11:10:56","date_gmt":"2010-07-01T11:10:56","guid":{"rendered":"http:\/\/goiena.net\/blogak\/bidasoatik\/eta-niri-euskaraz-mesedez"},"modified":"2010-07-01T11:10:56","modified_gmt":"2010-07-01T11:10:56","slug":"eta-niri-euskaraz","status":"publish","type":"post","link":"https:\/\/blogak.goiena.eus\/bidasoatik\/2010\/07\/01\/eta-niri-euskaraz\/","title":{"rendered":"Eta niri euskaraz&#8230;"},"content":{"rendered":"<div class=\"separator\" style=\"clear: both;text-align: center\">\n<a href=\"https:\/\/1.bp.blogspot.com\/_afxPKScY5ec\/TCuvPO5vqlI\/AAAAAAAAAFc\/R-h-CgKY7X4\/s1600\/okindegia_7220.jpg\" style=\"margin-left: 1em;margin-right: 1em\"><img decoding=\"async\" src=\"https:\/\/1.bp.blogspot.com\/_afxPKScY5ec\/TCuvPO5vqlI\/AAAAAAAAAFc\/R-h-CgKY7X4\/s320\/okindegia_7220.jpg\" border=\"0\"><\/a><\/div>\n<p>Donostiako Antigua auzoan nengoela, okindegira sartu nintzen etxerako ogia erosteko. Mostradorera hurbildu eta langile bat gerturatu zitzaidan.<br \/>\n<br \/>\nLangilea\u2013 <i>Hola<\/i>!<br \/>\n<br \/>Ni\u2013 <i>Arratsaldeon! Zerealak dituen ogi hori nahi dut, mesedez <\/i>\u2013eskuaz adierazten nion zein)\u2013. <br \/>L\u2013 <i>\u00a1H\u00e1bleme en espa\u00f1ol, que no le entiendo!<br \/>\n<\/i><br \/>Zirrara sentitu nuen gorputz osoan. Ez esan zuenagatik, erabilitako tonua eta aurpegieragatik baizik.<br \/>\n<br \/>N\u2013 <i>Voy a ser respetuosa y amable, y voy a hablarte en castellano, como me has pedido. Quiero una barra de pan, por favor; \u00e9se que tiene copos de avena por encima<\/i>. (Tonu kordiala, naturala erabiliz; nire ondoan gizonezko bat ari zen ogia erosten eta elkarrizketa entzuten).<br \/>\n<br \/>L\u2013 <i>\u00bfEl de cinco cereales?<\/i><br \/>\n<br \/>N\u2013 <i>El que tiene copos por encima, no s\u00e9 si \u00e9se es \u00e9l de cinco cereales<\/i>.<br \/>\n<br \/>Ogia paperean biltzen zuen bitartean galdetu nion:<br \/>\n<br \/>N\u2013 <i>\u00bfSabes algo de euskera?<br \/>\n<\/i><br \/>L\u2013 <i>\u00a1No me interesa, no tengo ning\u00fan inter\u00e9s!<\/i> \u2013Oso serio eta aurpegiera gogorrez\u2013.<br \/>\n<br \/>Ezin nuen ulertu zergatik erantzun hura, eta halako tonuan, nik normaltasun osoz ari bainintzen hitz egiten, haserrerik adierazi gabe, haserre egoteko arrazoiak banituen arren entzundakoa entzun ondoren. Etorkinei ez diet eskatzen hemen jaiotakoei eskatzen ez diedana! Baina bai eskatzen dut gaztelaniaz hitz egiten didatenean, errespetuz hitz egin diezadatela eta tonu gozoan. Ez nintzen okindegitik irtengo zer pentsatzen nuen adierazi gabe.<br \/>\n<br \/>N\u2013<i> Pues deber\u00eda interesarte, ya que est\u00e1s trabajando de cara al p\u00fablico, y, adem\u00e1s, deber\u00edas de tener en cuenta que vives en el Pa\u00eds Vasco, no en Madrid. \u00bfCu\u00e1nto es<\/i>?<br \/>\n<br \/>L\u2013 <i>1\u20ac 10<br \/>\n<\/i><br \/>N\u2013 <i>Agur!<br \/>\n<\/i><br \/>Frankismo garaia etorri zitzaidan burura. Gure herrira langile kanpotar asko etorri ziren, Extremadurakoak, galegoak, andaluziarrak\u2026 Umetan, euren ahotik hamaika aldiz entzundakoa naiz: \u201c<i>\u00a1Hablen en cristiano!<\/i>\u201d. Eta nik amari galdetzen nion: \u201c<i>Amatxo, en cristiano ere badakizu berba eitten?<\/i>\u201d. Ze, gure ama zenak euskaraz, gazteleraz eta frantsesez berba egiten zuen.<br \/>\nEta burura etorri zitzaidan duela urte batzuk, hitzaldi baten, Kataluniako politiko bati entzun niona ere. \u201c<i>Garai baten, Kataluniara etortzen ziren etorkinak ia gehienak afrikarrak ziren<\/i> \u2013esan zuen\u2013, <i>Ghana, Gambiakoak\u2026; erraz samar ikasten zuten katalanera, arazo handirik gabe; oraindik ere badira herri horietako munizipalen bat edo beste. Baina orain, orain iristen direnak \u2013orduan PP alderdiak gobernatzen zuen\u2013 hegoamerikarrak dira, eta ez dute interesik adierazten katalanera ikasteko. Immigrazioa politika, ondo pentsatutako politika da. Baina\u2026\u201d.<br \/>\n<br \/><\/i>Irungo pelukeria baten ere antzeko <i>g<\/i>auza gertatu zitzaidan. Sartu nintzen galdetzera ea depilaziorik egiten zuten. <i>\u201cA m\u00ed en castellano\u201d<\/i>. Orduan ere, tonua ez zen, ba, goxoa izan! Frantsesera jo nuen eta galdera errepikatu nien. Garbi ikusten zen ez zekitela frantsesez, baina sekulako ahaleginak egiten zituzten aditzera emateko ezetz, ez zutela egiten. \u201c<i>\u00bfQu\u00e9<\/i> \u2013esan nien\u2013, <i>ahora no me decis que os hable en castellano?<\/i>\u201d.<br \/>\n<br \/>PD: Ogia, portzierto, txar demasa! Zerealik? Bat bera ere ez! Gonfl\u00e9, erabat gonfl\u00e9, hau da puztua, itxura bai, baina mamirik ez.<\/p>\n","protected":false},"excerpt":{"rendered":"<p>Donostiako Antigua auzoan nengoela, okindegira sartu nintzen etxerako ogia erosteko. Mostradorera hurbildu eta langile bat gerturatu zitzaidan. Langilea\u2013 Hola! Ni\u2013 Arratsaldeon! Zerealak dituen ogi hori nahi dut, mesedez \u2013eskuaz adierazten nion zein)\u2013. L\u2013 \u00a1H\u00e1bleme en espa\u00f1ol, que no le entiendo! &hellip; <a href=\"https:\/\/blogak.goiena.eus\/bidasoatik\/2010\/07\/01\/eta-niri-euskaraz\/\">Jarraitu irakurtzen <span class=\"meta-nav\">&rarr;<\/span><\/a><\/p>\n","protected":false},"author":13,"featured_media":0,"comment_status":"open","ping_status":"open","sticky":false,"template":"","format":"standard","meta":{"ngg_post_thumbnail":0,"footnotes":""},"categories":[1],"tags":[79,78,84,80,81,82,83],"class_list":["post-35","post","type-post","status-publish","format-standard","hentry","category-sailkatugabeak","tag-diskriminazioa","tag-euskara","tag-hizkuntza","tag-lenguas","tag-lenguavasca","tag-minorizadas","tag-minorizatuak"],"_links":{"self":[{"href":"https:\/\/blogak.goiena.eus\/bidasoatik\/wp-json\/wp\/v2\/posts\/35","targetHints":{"allow":["GET"]}}],"collection":[{"href":"https:\/\/blogak.goiena.eus\/bidasoatik\/wp-json\/wp\/v2\/posts"}],"about":[{"href":"https:\/\/blogak.goiena.eus\/bidasoatik\/wp-json\/wp\/v2\/types\/post"}],"author":[{"embeddable":true,"href":"https:\/\/blogak.goiena.eus\/bidasoatik\/wp-json\/wp\/v2\/users\/13"}],"replies":[{"embeddable":true,"href":"https:\/\/blogak.goiena.eus\/bidasoatik\/wp-json\/wp\/v2\/comments?post=35"}],"version-history":[{"count":0,"href":"https:\/\/blogak.goiena.eus\/bidasoatik\/wp-json\/wp\/v2\/posts\/35\/revisions"}],"wp:attachment":[{"href":"https:\/\/blogak.goiena.eus\/bidasoatik\/wp-json\/wp\/v2\/media?parent=35"}],"wp:term":[{"taxonomy":"category","embeddable":true,"href":"https:\/\/blogak.goiena.eus\/bidasoatik\/wp-json\/wp\/v2\/categories?post=35"},{"taxonomy":"post_tag","embeddable":true,"href":"https:\/\/blogak.goiena.eus\/bidasoatik\/wp-json\/wp\/v2\/tags?post=35"}],"curies":[{"name":"wp","href":"https:\/\/api.w.org\/{rel}","templated":true}]}}