{"id":29,"date":"2010-09-26T12:46:21","date_gmt":"2010-09-26T12:46:21","guid":{"rendered":"http:\/\/goiena.net\/blogak\/bidasoatik\/fulgencio"},"modified":"2010-09-26T12:46:21","modified_gmt":"2010-09-26T12:46:21","slug":"fulgencio","status":"publish","type":"post","link":"https:\/\/blogak.goiena.eus\/bidasoatik\/2010\/09\/26\/fulgencio\/","title":{"rendered":"Fulgencio"},"content":{"rendered":"<blockquote>\n<blockquote><p><img decoding=\"async\" style=\"width: 209px;height: 313px\" src=\"https:\/\/farm5.static.flickr.com\/4128\/5017286032_d7c00a3a2c_m.jpg\"><\/p><\/blockquote>\n<\/blockquote>\n<p>Duela bost urte ezagutu nuen, Baldorbaren egunean. Jendeari argazkiak egiten nenbilela, gizonezko bat neukan neure ondoan denbora guztian. Jaka dotorez jantzia, txapela buruan, nagusia, meharra, begi bizi-biziak.<br \/>\n<br \/>&#8211;<i>\u00bfD\u00f3nde saldr\u00e1n las fotos, en el Diario de Navarra?<\/i> \u2013galdetu zidan halako baten.<br \/>\n<br \/>Argazkirik egitea nahi ote zuen galdetu nion. Aurpegia argitu zitzaion! Argazkia egiteko orduan firme jartzen zitzaidan, besoak gorputzari pega-pega eginda, burua tente. Besoak mugitzen nizkion sorbaldak erlaxatzeko. Ingurukoek irribarrea ezpainetan begiratzen zuten.<br \/>\nHandik gutxira, haren herrira joan nintzen argazkiak eramatera, Leotzera.<br \/>\n<br \/>\u2013<i>O sea, que t\u00fa eres de los \u201ctorris\u201d<\/i> \u2013esan zidan.<br \/>\n<br \/>\u2013<i>\u00bfDe los \u201ctorris\u201d, que significa esa palabra?<\/i> \u2013Baldorbako hitzen bat zelakoan.<br \/>&nbsp;\u2013<i>Si, de esos que dicen \u201ctorri, torri\u201d <\/i>\u2013eskuarekin keinu eginez hurbiltzeko.<br \/>\n<br \/>\u2013<i>Ah! Quieres decir \u201cetorri, etorri\u201d<\/i>. <br \/>\u2013<i>Yo hice la mili con los vascos y me dec\u00edan eso, y con ellos aprend\u00ed palabras y tambi\u00e9n a contar: bat, bi, hiru<\/i>&#8230; \u2013hamarretik aurrera nahastu egiten zen.<br \/>\nGoiz erdia eman nuen berarekin kontu-kontari, oso <a href=\"http:\/\/www.flickr.com\/photos\/bidasoatik\/5017286118\/in\/photostream\/\">berbalduna<\/a> zen eta jakin-min handia zuen.<br \/>\nGaldetu nion Iratxetara oinez joateko biderik ote zegoen, errepiderik hartu gabe.<br \/>\n<br \/>\u2013<i>Antes \u00edbamos por la \u201cilluna\u201d, pero ahora no se como estar\u00e1.<\/i><br \/>-\u00bf<i>Por la &#8220;illuna&#8221;?<\/i> \u2013harrituta ni. <br \/>\u2013<i>Si, es un camino muy cerrado y como ahora no se utiliza, puede que est\u00e9 llen\u00f3 de maleza.<\/i><br \/>\n<br \/>\u2013<i>Fulgencio, \u00bfsabes que \u201ciluna\u201d es una palabra en euskara, en vasco?<\/i><br \/>\n<br \/>\u2013<i>\u00bfEn vasco? Aqu\u00ed siempre le hemos llamado as\u00ed a ese camino&#8230;<br \/>\n<br \/><\/i><br \/>\nBiziki gustatzen zitzaion dantzatzea eta urtero ospatzen den \u201c<i>Nagusien egunean<\/i>\u201d ez zuen aukerarik galtzen. Inoiz ez zuen hutsik egin. Fulgencio Oroz, 88 urte zituen.<\/p>\n<p><\/p>\n<blockquote>\n<blockquote><p><a href=\"http:\/\/www.flickr.com\/photos\/bidasoatik\/5016679887\/\" title=\"Fulgencio por bidasoatik, en Flickr\"><img decoding=\"async\" src=\"https:\/\/farm5.static.flickr.com\/4146\/5016679887_2f7a1412b1_m.jpg\"><\/a><\/p><\/blockquote>\n<\/blockquote>\n","protected":false},"excerpt":{"rendered":"<p>Duela bost urte ezagutu nuen, Baldorbaren egunean. Jendeari argazkiak egiten nenbilela, gizonezko bat neukan neure ondoan denbora guztian. Jaka dotorez jantzia, txapela buruan, nagusia, meharra, begi bizi-biziak. &#8211;\u00bfD\u00f3nde saldr\u00e1n las fotos, en el Diario de Navarra? \u2013galdetu zidan halako baten. &hellip; <a href=\"https:\/\/blogak.goiena.eus\/bidasoatik\/2010\/09\/26\/fulgencio\/\">Jarraitu irakurtzen <span class=\"meta-nav\">&rarr;<\/span><\/a><\/p>\n","protected":false},"author":13,"featured_media":0,"comment_status":"open","ping_status":"open","sticky":false,"template":"","format":"standard","meta":{"ngg_post_thumbnail":0,"footnotes":""},"categories":[1],"tags":[67,65,66],"class_list":["post-29","post","type-post","status-publish","format-standard","hentry","category-sailkatugabeak","tag-leotz","tag-orbaibarra","tag-valdorba"],"_links":{"self":[{"href":"https:\/\/blogak.goiena.eus\/bidasoatik\/wp-json\/wp\/v2\/posts\/29","targetHints":{"allow":["GET"]}}],"collection":[{"href":"https:\/\/blogak.goiena.eus\/bidasoatik\/wp-json\/wp\/v2\/posts"}],"about":[{"href":"https:\/\/blogak.goiena.eus\/bidasoatik\/wp-json\/wp\/v2\/types\/post"}],"author":[{"embeddable":true,"href":"https:\/\/blogak.goiena.eus\/bidasoatik\/wp-json\/wp\/v2\/users\/13"}],"replies":[{"embeddable":true,"href":"https:\/\/blogak.goiena.eus\/bidasoatik\/wp-json\/wp\/v2\/comments?post=29"}],"version-history":[{"count":0,"href":"https:\/\/blogak.goiena.eus\/bidasoatik\/wp-json\/wp\/v2\/posts\/29\/revisions"}],"wp:attachment":[{"href":"https:\/\/blogak.goiena.eus\/bidasoatik\/wp-json\/wp\/v2\/media?parent=29"}],"wp:term":[{"taxonomy":"category","embeddable":true,"href":"https:\/\/blogak.goiena.eus\/bidasoatik\/wp-json\/wp\/v2\/categories?post=29"},{"taxonomy":"post_tag","embeddable":true,"href":"https:\/\/blogak.goiena.eus\/bidasoatik\/wp-json\/wp\/v2\/tags?post=29"}],"curies":[{"name":"wp","href":"https:\/\/api.w.org\/{rel}","templated":true}]}}