{"id":134,"date":"2007-02-01T22:00:03","date_gmt":"2007-02-01T22:00:03","guid":{"rendered":"http:\/\/goiena.net\/blogak\/bidasoatik\/canela"},"modified":"2007-02-01T22:00:03","modified_gmt":"2007-02-01T22:00:03","slug":"canela","status":"publish","type":"post","link":"https:\/\/blogak.goiena.eus\/bidasoatik\/2007\/02\/01\/canela\/","title":{"rendered":"Canela"},"content":{"rendered":"<p><b><img decoding=\"async\" src=\"www.flickr.com\/photos\/bidasoatik\/376452147\/in\/set-72157594512157961\/\">Cannella<\/b><br \/>La cannella \u00e8 una spezia assai diffusa in occidente quanto in oriente. Vengono chiamate ugualmente cannella piante diverse. Le due pi\u00f9 frequentemente usate come spezie sono la Cinnamomum zeylanicum, e la Cinnamomum aromaticum Nees.<\/p>\n<blockquote>\n<blockquote><p><a href=\"http:\/\/www.flickr.com\/photos\/bidasoatik\/377658388\/\" title=\"Photo Sharing\"><img loading=\"lazy\" decoding=\"async\" src=\"https:\/\/farm1.static.flickr.com\/137\/377658388_16021329bb_o.jpg\" alt=\"Cinnamomum_verum\" height=\"147\" width=\"200\"><\/a><\/p><\/blockquote>\n<\/blockquote>\n<p>La cannella vanta una storia millenaria: era gi\u00e0 citata nella Bibbia, nel libro dell&#8217;Esodo, era usata dagli antichi Egizi per le imbalsamazioni e citata anche nel mondo greco e latino. Importata in occidente con le carovane durante il medioevo, port\u00f2 gli Olandesi a impiantare un traffico stabile con lo Sri Lanka nella prima met\u00e0 del 1600, per divenirne i principali importatori d&#8217;Europa.<\/p>\n<p>&nbsp;\u039a\u03b1\u03bd\u03ad\u03bb\u03b1: (\u03b7) \u03bf\u03c5\u03c3\u03b9\u03b1\u03c3\u03c4\u03b9\u03ba\u03cc. \u03a5\u03c0\u03bf\u03ba\u03bf\u03c1\u03b9\u03c3\u03c4\u03b9\u03ba\u03cc \u03c4\u03bf\u03c5 \u03bb\u03b1\u03c4\u03b9\u03bd\u03b9\u03ba\u03bf\u03cd canna (= \u03ba\u03b1\u03bb\u03ac\u03bc\u03b9). \u0391\u03c1\u03c9\u03bc\u03b1\u03c4\u03b9\u03ba\u03ae \u03bf\u03c5\u03c3\u03af\u03b1 \u03c0\u03bf\u03c5 \u03c0\u03b1\u03af\u03c1\u03bd\u03b5\u03c4\u03b1\u03b9 \u03b1\u03c0\u03cc \u03c4\u03b7 \u03c6\u03bb\u03bf\u03cd\u03b4\u03b1 \u03c4\u03bf\u03c5 \u03b4\u03ad\u03bd\u03c4\u03c1\u03bf\u03c5 \u03ba\u03b9\u03bd\u03bd\u03ac\u03bc\u03c9\u03bc\u03bf\u03bd \u03c4\u03bf \u03ba\u03b5\u03cb\u03bb\u03b1\u03bd\u03b9\u03ba\u03cc\u03bd: \u03c6\u03c1. \u039c\u03cc\u03c3\u03ba\u03bf\u03c2 \u03ba\u03b1\u03b9 \u03ba\u03b1\u03bd\u03ad\u03bb\u03b1.<br \/><b>Kanela<\/b>: (f) izena. Latinezko canna (kainabera) izenaren txikigarria. Zeilango Kinamomon arbolaren azaletik ateratzen den sustantzia usaintsua. Esamoldea: \u201cMoskos kai kanela\u201d Haurrek haizea botatzen dutenean esaten da (intxaur muskatu eta kanela, alegia, usain goxoa duten sustantziak).<\/p>\n<p><b>La Cannelle<\/b><br \/>XII. s.; de cann\u00ea: tuyau ou latin medieval: cannella.<br \/>Ecorce de cannelier, d\u00e9pouill\u00e9 de son \u00e9piderme (elle prend la forme de petits tuyaux). Substance aromatique tir\u00e9e de cette \u00e9corce et utilis\u00e9e dans l\u2019alimentation. Par extensi\u00f3n: Couleur cannelle, brun clair.<br \/>\u201cCannelle est morte\u201d: Pirinioetako azken artza. Horrela deitzen zen bere koloreagatik.<\/p>\n<p><b>Cinamon<\/b><br \/>Spice from the inner bark o fan East Indian tree, used in cooking; its colour, yellouviah broum.<br \/>(Substance aromatique tir\u00e9e de l\u2019 \u00e9corce int\u00e9rieure d\u2019un arbre originaire de l\u2019 Est de l\u2019 Inde, utilis\u00e9e en cuisine).<\/p>\n<p><b>Canela<\/b><br \/>Canela: (f.). Casca arom\u00e1tica da caneleira; serve para condimento; fig. fam. Coisa muito fina, excelente.<\/p>\n<p>Baina nire Canelak ez du zerikusirik espezia horrekin, gauza baten izan ezik: <i>coisa muito fina, excelente<\/i>, portugesak definitzen duen legez.<\/p>\n<blockquote><p><i>&nbsp;<a href=\"http:\/\/www.flickr.com\/photos\/bidasoatik\/376456496\/\" title=\"Photo Sharing\"><img decoding=\"async\" style=\"width: 298px;height: 201px\" src=\"https:\/\/farm1.static.flickr.com\/169\/376456496_8951fad394.jpg\" alt=\"Canela_2893 copia\"><\/a><br \/>\n<\/i><\/p><\/blockquote>\n<blockquote>\n<blockquote>\n<blockquote>\n<blockquote><p><b>Canela<\/b><\/p><\/blockquote>\n<\/blockquote>\n<\/blockquote>\n<\/blockquote>\n<p><i>-Izen hau, zer dela eta?<\/i><br \/>Erakargarri egiten zait aditzera ematen duenagatik: usain gozoa, kolorea, hitzaren beraren musika\u2026, besterik gabe.<\/p>\n<p><i>-Eta denda jartzea, nondik nora otu zitzaizun?<\/i><br \/>Hara. Hau ez da nire lehenengo denda, gauza asko egin dut, bide luzea egin dut hau zabaldu baino lehen. Azalduko dizut. Duela 30 urte, lagun batekin batera, Errenderian espazio balioanitza abian jarri nahi izan genuen biok, bertan hainbat jarduera egiteko, hala-nola liburudenda, kafea hartzeko lekua, ipuinak kontatzeko txokoa, argazki eta pintura erakusketa, liburuak aurkezteko gunea&#8230;, eta aldi berean gure bizibidea izan zedila.<br \/>Baina&#8230; ez zen aurrera atera nahiko baliabiderik ez genuelako. Hala eta guztiz ere, amets izaten jarraitzen du, hemen, buruan dudan proiektu bat da, ez dut baztertu oraindik.<\/p>\n<p>Lezon, 1976an, haurtzaindegi bat sortu zuten. Bertan lan egitea eskaini zidaten (hilabeteko umeak eta hiru urte bitartekoak). Neure umea ere eramaten nuen bertara. Nik ez nuen deus kobratzen lanagatik, baina umea bertara eramateagatik ordaindu egiten nuen. Garai hartan haurtzaindegiak behar ziren, eta nik borondatezko lana egiten nuen.<\/p>\n<p>Lan horretan hasi baino lehen, eginda nuen hainbat ikastaro haurtzaindegietan aritzeko. Haietan gorputz-espresioa landu nuen: dantza, musika, pintura&#8230;, hori guztia umeei bideratua. Esan behar dizut kutsu artistikoa duen guztia dudala gogoko, eta aukera gutxi izan arren, ekonomikoki ezin, beti ahalegindu izan naiz alde horiek, zaletasun horiek garatzen; beti jarraitu kasu egin diet neure bihozkadei, sarritan ulertzen ez baninduten ere, kontuan izan sei anai-arrebetan nagusia naizela.<\/p>\n<p>Nik dantza nuen gogoko, baina ez nuen aukerarik izan eskolak hartzeko. Badakizu noiz joan nintzen ikastera? Ezkondu eta gero. Beti pentsatu izan dut ikastetxean aukera eman beharko luketela alde artistikoa garatzeko; horregatik saiatu izan naiz semeen formakuntza artistikoa zabaltzen. Seme zaharra dantzari eta koreografoa da, eta bestea soziologoa, eta biziki maite du bateria jotzea.<\/p>\n<p>Haurtzaindegian izandako eskarmentuaren ondoren, lagun batzuekin liburudenda bat jarri nuen. Abian jarri baino lehenago, kalean eta zineetan saltzen genituen: mahai jarri eta bertan salgai izaten genituen liburuak. Lokala egokitzeko obretan ibili ginen bitartean, hantxe ibiltzen nintzen harria pikatzen zein lagunen umeak zaintzen&#8230;, baina gero utzi egin nuen proiektua.<br \/>Ondoren, lagun min bat eta biok trikotatzen hasi ginen. Modan zeuden jantziak egiten genituen. Dendetara joaten ginen jantziak eskaintzera. Gogorra izan zen, ez zen atera guk uste bezala. Garai hartan nire semeak hiru urte zituen. Eta horren ostean&#8230; alkondara-denda jarri genuen.<\/p>\n<p><i>-Geldirik, behintzat, ez zineten egoten, ez zenuten amore<\/i> ematen&#8230;<br \/>Hala da, bai; guk esaten genuen burua irakiten genuela, beti zerbaitetan, eta&#8230; beti baliabiderik gabe! Saltzea baino, gurea gehiago zen sortzea, egitea, eta denda zen erakusleihoa. Bartzelonara joaten ginen salgaiak, jeneroa erostera; horrez gain moda-desfileak antolatzen hartzen genuen parte: Errenderian (Niessen). Eta behin Hondarribian finkatuta, duela 4-5 urte, bertako Dendarien Elkartearekin batera, desfile batzuk antolatu genituen: Paradorrean, kiroldegian eta Truk dantzalekuan.<\/p>\n<blockquote><p><a href=\"http:\/\/www.flickr.com\/photos\/bidasoatik\/376452147\/\" title=\"Photo Sharing\"><img loading=\"lazy\" decoding=\"async\" src=\"https:\/\/farm1.static.flickr.com\/146\/376452147_f1d3c73513.jpg\" alt=\"Canela_2874 copia\" height=\"203\" width=\"297\"><\/a><br \/>\n<\/p><\/blockquote>\n<p>Eta hemen nauzu orain, nire dendan; nire etxeko sala izango balitz bezala. Jantziak eta osagarriak egungoak izateaz gain, ahalegintzen naiz intemporal samarrak izan daitezen aldi berean, ez daitezela gehiegi errepikatu, eta norberaren estilora egokitzeko aukera eskain dezatela. Ez dut moda bete-betean jarraitzen, bihozkadei egiten diet kasu beti. Saltzeko daukadana, neuri gustatzen zaidalako da; baliteke hainbat gauza \u201ctxoro samarrak\u201d izatea, sarritan, baina&#8230; disfrutatu egiten dut eurei begira; koadro bati, argazki bati edo paisaje bati begiratzea bezala da.<\/p>\n<blockquote><p><a href=\"http:\/\/www.flickr.com\/photos\/bidasoatik\/376458126\/\" title=\"Photo Sharing\"><img loading=\"lazy\" decoding=\"async\" src=\"https:\/\/farm1.static.flickr.com\/183\/376458126_cefd27fbdf.jpg\" alt=\"Canela_2896 copia\" height=\"187\" width=\"279\"><\/a><\/p><\/blockquote>\n","protected":false},"excerpt":{"rendered":"<p>CannellaLa cannella \u00e8 una spezia assai diffusa in occidente quanto in oriente. Vengono chiamate ugualmente cannella piante diverse. Le due pi\u00f9 frequentemente usate come spezie sono la Cinnamomum zeylanicum, e la Cinnamomum aromaticum Nees. La cannella vanta una storia millenaria: &hellip; <a href=\"https:\/\/blogak.goiena.eus\/bidasoatik\/2007\/02\/01\/canela\/\">Jarraitu irakurtzen <span class=\"meta-nav\">&rarr;<\/span><\/a><\/p>\n","protected":false},"author":13,"featured_media":0,"comment_status":"open","ping_status":"open","sticky":false,"template":"","format":"standard","meta":{"ngg_post_thumbnail":0,"footnotes":""},"categories":[1],"tags":[200,202],"class_list":["post-134","post","type-post","status-publish","format-standard","hentry","category-sailkatugabeak","tag-emakumeakmujereswomen","tag-euskalherriapaisvascobasquecountryhondarribia"],"_links":{"self":[{"href":"https:\/\/blogak.goiena.eus\/bidasoatik\/wp-json\/wp\/v2\/posts\/134","targetHints":{"allow":["GET"]}}],"collection":[{"href":"https:\/\/blogak.goiena.eus\/bidasoatik\/wp-json\/wp\/v2\/posts"}],"about":[{"href":"https:\/\/blogak.goiena.eus\/bidasoatik\/wp-json\/wp\/v2\/types\/post"}],"author":[{"embeddable":true,"href":"https:\/\/blogak.goiena.eus\/bidasoatik\/wp-json\/wp\/v2\/users\/13"}],"replies":[{"embeddable":true,"href":"https:\/\/blogak.goiena.eus\/bidasoatik\/wp-json\/wp\/v2\/comments?post=134"}],"version-history":[{"count":0,"href":"https:\/\/blogak.goiena.eus\/bidasoatik\/wp-json\/wp\/v2\/posts\/134\/revisions"}],"wp:attachment":[{"href":"https:\/\/blogak.goiena.eus\/bidasoatik\/wp-json\/wp\/v2\/media?parent=134"}],"wp:term":[{"taxonomy":"category","embeddable":true,"href":"https:\/\/blogak.goiena.eus\/bidasoatik\/wp-json\/wp\/v2\/categories?post=134"},{"taxonomy":"post_tag","embeddable":true,"href":"https:\/\/blogak.goiena.eus\/bidasoatik\/wp-json\/wp\/v2\/tags?post=134"}],"curies":[{"name":"wp","href":"https:\/\/api.w.org\/{rel}","templated":true}]}}